{"id":46278,"date":"2021-11-10T08:39:59","date_gmt":"2021-11-10T07:39:59","guid":{"rendered":"https:\/\/zkw-group.com\/home\/newsroom\/news\/nove-logisticke-centrum-zkw-zrychli-vyrobu-a-rozsiri-kapacitu\/"},"modified":"2021-11-10T08:40:00","modified_gmt":"2021-11-10T07:40:00","slug":"nove-logisticke-centrum-zkw-zrychli-vyrobu-a-rozsiri-kapacitu","status":"publish","type":"news","link":"https:\/\/zkw-group.com\/cz\/home\/newsroom\/news\/nove-logisticke-centrum-zkw-zrychli-vyrobu-a-rozsiri-kapacitu\/","title":{"rendered":"Nov\u00e9 logistick\u00e9 centrum ZKW zrychl\u00ed v\u00fdrobu a roz\u0161\u00ed\u0159\u00ed kapacitu"},"content":{"rendered":"\t\t<div data-elementor-type=\"wp-post\" data-elementor-id=\"46278\" class=\"elementor elementor-46278 elementor-46200\" data-elementor-post-type=\"news\">\n\t\t\t\t\t\t<section class=\"elementor-section elementor-top-section elementor-element elementor-element-35ac4014 elementor-section-full_width elementor-section-height-min-height elementor-section-height-default elementor-section-items-middle\" data-id=\"35ac4014\" data-element_type=\"section\" data-e-type=\"section\" data-settings=\"{&quot;background_background&quot;:&quot;classic&quot;}\">\n\t\t\t\t\t\t<div class=\"elementor-container elementor-column-gap-no\">\n\t\t\t\t\t<div class=\"elementor-column elementor-col-100 elementor-top-column elementor-element elementor-element-16b2ba5f\" data-id=\"16b2ba5f\" data-element_type=\"column\" data-e-type=\"column\">\n\t\t\t<div class=\"elementor-widget-wrap\">\n\t\t\t\t\t\t\t<\/div>\n\t\t<\/div>\n\t\t\t\t\t<\/div>\n\t\t<\/section>\n\t\t\t\t<section class=\"elementor-section elementor-top-section elementor-element elementor-element-6fd36db3 elementor-section-full_width elementor-section-height-default elementor-section-height-default\" data-id=\"6fd36db3\" data-element_type=\"section\" data-e-type=\"section\">\n\t\t\t\t\t\t<div class=\"elementor-container elementor-column-gap-default\">\n\t\t\t\t\t<div class=\"elementor-column elementor-col-16 elementor-top-column elementor-element elementor-element-176dea15\" data-id=\"176dea15\" data-element_type=\"column\" data-e-type=\"column\">\n\t\t\t<div class=\"elementor-widget-wrap\">\n\t\t\t\t\t\t\t<\/div>\n\t\t<\/div>\n\t\t\t\t<div class=\"elementor-column elementor-col-66 elementor-top-column elementor-element elementor-element-3f566fab\" data-id=\"3f566fab\" data-element_type=\"column\" data-e-type=\"column\">\n\t\t\t<div class=\"elementor-widget-wrap elementor-element-populated\">\n\t\t\t\t\t\t<div class=\"elementor-element elementor-element-3b33c0be elementor-widget elementor-widget-text-editor\" data-id=\"3b33c0be\" data-element_type=\"widget\" data-e-type=\"widget\" data-widget_type=\"text-editor.default\">\n\t\t\t\t<div class=\"elementor-widget-container\">\n\t\t\t\t\t\t\t\t\t<p id=\"breadcrumbs\"><a href=\"\/cz\">Dom\u016f<\/a> \u00a0|\u00a0 <a href=\"\/cz\/domu\/newsroom\/\">Newsroom<\/a> \u00a0|\u00a0 <strong class=\"breadcrumb_last\" aria-current=\"page\">Nov\u00e9 logistick\u00e9 centrum ZKW zrychl\u00ed v\u00fdrobu a roz\u0161\u00ed\u0159\u00ed kapacitu<\/strong><\/p>\n\t\t\t\t\t\t\t\t<\/div>\n\t\t\t\t<\/div>\n\t\t\t\t<section class=\"elementor-section elementor-inner-section elementor-element elementor-element-77f0705a elementor-section-full_width elementor-section-height-default elementor-section-height-default\" data-id=\"77f0705a\" data-element_type=\"section\" data-e-type=\"section\">\n\t\t\t\t\t\t<div class=\"elementor-container elementor-column-gap-default\">\n\t\t\t\t\t<div class=\"elementor-column elementor-col-66 elementor-inner-column elementor-element elementor-element-3de8c39f\" data-id=\"3de8c39f\" data-element_type=\"column\" data-e-type=\"column\">\n\t\t\t<div class=\"elementor-widget-wrap elementor-element-populated\">\n\t\t\t\t\t\t<div class=\"elementor-element elementor-element-b8ddd81 news-date elementor-widget elementor-widget-post-info\" data-id=\"b8ddd81\" data-element_type=\"widget\" data-e-type=\"widget\" data-widget_type=\"post-info.default\">\n\t\t\t\t<div class=\"elementor-widget-container\">\n\t\t\t\t\t\t\t<ul class=\"elementor-inline-items elementor-icon-list-items elementor-post-info\">\n\t\t\t\t\t\t\t\t<li class=\"elementor-icon-list-item elementor-repeater-item-f8605ff elementor-inline-item\" itemprop=\"datePublished\">\n\t\t\t\t\t\t\t\t\t\t\t\t\t<span class=\"elementor-icon-list-text elementor-post-info__item elementor-post-info__item--type-date\">\n\t\t\t\t\t\t\t\t\t\t<time>10. November 2021<\/time>\t\t\t\t\t<\/span>\n\t\t\t\t\t\t\t\t<\/li>\n\t\t\t\t<\/ul>\n\t\t\t\t\t\t<\/div>\n\t\t\t\t<\/div>\n\t\t\t\t<div class=\"elementor-element elementor-element-ca352bf elementor-widget elementor-widget-theme-post-title elementor-page-title elementor-widget-heading\" data-id=\"ca352bf\" data-element_type=\"widget\" data-e-type=\"widget\" data-widget_type=\"theme-post-title.default\">\n\t\t\t\t<div class=\"elementor-widget-container\">\n\t\t\t\t\t<h1 class=\"elementor-heading-title elementor-size-default\">Nov\u00e9 logistick\u00e9 centrum ZKW zrychl\u00ed v\u00fdrobu a roz\u0161\u00ed\u0159\u00ed kapacitu<\/h1>\t\t\t\t<\/div>\n\t\t\t\t<\/div>\n\t\t\t\t<div class=\"elementor-element elementor-element-38724e3c news-intro elementor-widget elementor-widget-text-editor\" data-id=\"38724e3c\" data-element_type=\"widget\" data-e-type=\"widget\" data-widget_type=\"text-editor.default\">\n\t\t\t\t<div class=\"elementor-widget-container\">\n\t\t\t\t\t\t\t\t\t<p>Pln\u011b automatizovan\u00fd tok zbo\u017e\u00ed od p\u0159\u00edjmu a\u017e po mont\u00e1\u017en\u00ed linku u\u0161et\u0159\u00ed \u010das a sn\u00ed\u017e\u00ed n\u00e1klady<\/p>\n<p>Po p\u0159ibli\u017en\u011b jednom roce v\u00fdstavby byl zah\u00e1jen provoz nov\u00e9ho logistick\u00e9ho centra spole\u010dnosti ZKW ve Wieselburgu. Vysoce automatizovan\u00fd skladov\u00fd syst\u00e9m na b\u00fdval\u00e9m parkovi\u0161ti v Scheibbser Stra\u00dfe garantuje rychl\u00fd a efektivn\u00ed z\u00e1sobov\u00e1n\u00ed materi\u00e1lem v cel\u00e9m v\u00fdrobn\u00edm z\u00e1vod\u011b. Od poloviny \u0159\u00edjna prob\u00edh\u00e1 napojov\u00e1n\u00ed dal\u0161\u00edch mont\u00e1\u017en\u00edch linek na nov\u00fd syst\u00e9m. Do prvn\u00edho \u010dtvrtlet\u00ed roku 2022 m\u00e1 b\u00fdt na logistick\u00e9 centrum napojeno v\u0161ech 28 v\u00fdrobn\u00edch linek. Inteligentn\u00ed sklad zbo\u017e\u00ed p\u0159inese firm\u011b nejen dal\u0161\u00ed skladov\u00e9 kapacity, ale tak\u00e9 uvoln\u00ed d\u0159\u00edv\u011bj\u0161\u00ed skladov\u00e9 plochy pro novou v\u00fdrobu. \u201eD\u00edky nov\u00e9mu logistick\u00e9mu centru bude cel\u00fd tok zbo\u017e\u00ed \u2013 od p\u0159\u00edjmu a\u017e po v\u00fdrobu \u2013 pln\u011b automatizovan\u00fd a obejde se bez jak\u00e9koli dal\u0161\u00ed manipulace na sklad\u011b. Od objedn\u00e1n\u00ed materi\u00e1lu na mont\u00e1\u017en\u00edm p\u00e1su uplyne necel\u00fdch 15 minut a pot\u0159ebn\u00e9 d\u00edly doraz\u00ed na ur\u010den\u00e9 m\u00edsto,\u201c prohla\u0161uje Stefan Hauptmann, vedouc\u00ed v\u00fdroby v z\u00e1vod\u011b ZKW Lichtsysteme Wieselburg.<\/p>\n\t\t\t\t\t\t\t\t<\/div>\n\t\t\t\t<\/div>\n\t\t\t\t<div class=\"elementor-element elementor-element-7d997cc1 elementor-widget elementor-widget-text-editor\" data-id=\"7d997cc1\" data-element_type=\"widget\" data-e-type=\"widget\" data-widget_type=\"text-editor.default\">\n\t\t\t\t<div class=\"elementor-widget-container\">\n\t\t\t\t\t\t\t\t\t<p><strong>Siln\u00fd impuls pro v\u00fdrobu<\/strong><br \/>\nLogistick\u00e9 centrum je vybaveno skladov\u00fdm syst\u00e9mem Multi Shuttle, kter\u00fd vyr\u00e1b\u00ed firma Dematic. V komplexu budov o d\u00e9lce 80 metr\u016f, \u0161\u00ed\u0159ce 20 metr\u016f a v\u00fd\u0161ce 21 metr\u016f je k dispozici celkem 62 000 paletov\u00fdch m\u00edst, kter\u00e1 jsou rozd\u011blena do p\u011bti uli\u010dek po 28 v\u00fd\u0161kov\u00fdch \u00farovn\u00edch. Transportn\u00ed syst\u00e9m umo\u017e\u0148uje dopravit v\u011bt\u0161inu p\u0159epravn\u00edch jednotek s materi\u00e1lem p\u0159\u00edmo k mont\u00e1\u017en\u00edmu p\u00e1su. Transportn\u00ed syst\u00e9m je dlouh\u00fd p\u0159ibli\u017en\u011b t\u0159i kilometry a umo\u017e\u0148uje prov\u00e9st a\u017e 1 500 manipula\u010dn\u00edch operac\u00ed za hodinu. P\u0159itom lze p\u0159epravit zhruba 190 r\u016fzn\u00fdch typ\u016f p\u0159epravn\u00edch jednotek rychlost\u00ed a\u017e 0,8 metr\u016f za sekundu. Na syst\u00e9m jsou tak\u00e9 napojeny dva dosavadn\u00ed vysokoreg\u00e1lov\u00e9 sklady, automatizovan\u00fd sklad mal\u00fdch d\u00edl\u016f, \u00fasek kvality, v\u00fdroba modul\u016f, suter\u00e9n se skladem vratn\u00fdch obal\u016f a \u00fasek p\u0159\u00edjmu zbo\u017e\u00ed. \u201eSyst\u00e9m n\u00e1m u\u0161et\u0159\u00ed spoustu m\u00edsta na mont\u00e1\u017en\u00edm p\u00e1su, proto\u017ee pln\u011b automaticky dod\u00e1v\u00e1 d\u00edly v mno\u017estv\u00ed, kter\u00e9 je aktu\u00e1ln\u011b zapot\u0159eb\u00ed,\u201c \u0159\u00edk\u00e1 pan Hauptmann.<\/p>\n<p><strong>Optim\u00e1ln\u00ed vyu\u017eit\u00ed ploch<\/strong><br \/>\nV\u00fdrobn\u00ed plochy v z\u00e1vod\u011b ZKW Wieselburg u\u017e jsou v sou\u010dasn\u00e9 dob\u011b vy\u010derpan\u00e9. Z\u00e1rove\u0148 neust\u00e1le p\u0159ib\u00fdvaj\u00ed sou\u010d\u00e1stky a varianty, co\u017e ka\u017ed\u00fdm rokem zab\u00edr\u00e1 st\u00e1le v\u00edce m\u00edsta. Nov\u00e9 logistick\u00e9 centrum umo\u017enilo nejen zv\u011bt\u0161it skladovou kapacitu, ale tak\u00e9 se poda\u0159ilo p\u0159ebudovat b\u00fdval\u00e9 skladov\u00e9 plochy na v\u00fdrobn\u00ed plochy. Projekt vypracovaly v lednu 2019 spole\u010dnosti ZKW a Dematic. Vlastn\u00ed stavba a z\u0159\u00edzen\u00ed infrastruktury byly sv\u011b\u0159eny region\u00e1ln\u00edm firm\u00e1m. N\u00e1ro\u010dn\u00fdm \u00fakolem p\u0159itom byly kr\u00e1tk\u00e9 lh\u016fty a propojen\u00ed logistick\u00e9ho centra s v\u00fdrobn\u00edmi provozy. \u00dakol vy\u0159e\u0161ila stavba sedm metr\u016f vysok\u00e9ho mostu nad \u017eeleznic\u00ed Erlauftal. Kv\u016fli nedostatku m\u00edsta ve v\u00fdrobn\u00edch hal\u00e1ch byl mimo budovy vybudov\u00e1n tunel o d\u00e9lce 100 metr\u016f, kter\u00fd zaji\u0161\u0165uje distribuci materi\u00e1lu v cel\u00e9m z\u00e1vod\u011b. \u201eDo budoucna je na\u0161\u00edm c\u00edlem dopravovat v\u011bt\u0161inu transportn\u00edch jednotek ze skladu p\u0159\u00edmo k mont\u00e1\u017en\u00edmu p\u00e1su,\u201c prohl\u00e1sil pan Hauptmann.<\/p>\n\t\t\t\t\t\t\t\t<\/div>\n\t\t\t\t<\/div>\n\t\t\t\t<div class=\"elementor-element elementor-element-43301c44 elementor--h-position-center elementor--v-position-middle elementor-arrows-position-inside elementor-pagination-position-inside elementor-widget elementor-widget-slides\" data-id=\"43301c44\" data-element_type=\"widget\" data-e-type=\"widget\" data-settings=\"{&quot;navigation&quot;:&quot;both&quot;,&quot;autoplay&quot;:&quot;yes&quot;,&quot;pause_on_hover&quot;:&quot;yes&quot;,&quot;pause_on_interaction&quot;:&quot;yes&quot;,&quot;autoplay_speed&quot;:5000,&quot;infinite&quot;:&quot;yes&quot;,&quot;transition&quot;:&quot;slide&quot;,&quot;transition_speed&quot;:500}\" data-widget_type=\"slides.default\">\n\t\t\t\t<div class=\"elementor-widget-container\">\n\t\t\t\t\t\t\t\t\t<div class=\"elementor-swiper\">\n\t\t\t\t\t<div class=\"elementor-slides-wrapper elementor-main-swiper swiper\" role=\"region\" aria-roledescription=\"carousel\" aria-label=\"Slides\" dir=\"ltr\" data-animation=\"fadeInUp\">\n\t\t\t\t<div class=\"swiper-wrapper elementor-slides\">\n\t\t\t\t\t\t\t\t\t\t<div class=\"elementor-repeater-item-5fee144 swiper-slide\" role=\"group\" aria-roledescription=\"slide\"><div class=\"swiper-slide-bg\" role=\"img\" aria-label=\"Logistikzentrum-Wieselburg_2021\"><\/div><div class=\"swiper-slide-inner\" ><div class=\"swiper-slide-contents\"><\/div><\/div><\/div><div class=\"elementor-repeater-item-bdbd432 swiper-slide\" role=\"group\" aria-roledescription=\"slide\"><div class=\"swiper-slide-bg\" role=\"img\" aria-label=\"Logistikzentrum-Wieselburg_2021\"><\/div><div class=\"swiper-slide-inner\" ><div class=\"swiper-slide-contents\"><\/div><\/div><\/div><div class=\"elementor-repeater-item-651f3fc swiper-slide\" role=\"group\" aria-roledescription=\"slide\"><div class=\"swiper-slide-bg\" role=\"img\" aria-label=\"Logistikzentrum-Wieselburg_2021\"><\/div><div class=\"swiper-slide-inner\" ><div class=\"swiper-slide-contents\"><\/div><\/div><\/div><div class=\"elementor-repeater-item-6ae6585 swiper-slide\" role=\"group\" aria-roledescription=\"slide\"><div class=\"swiper-slide-bg\" role=\"img\" aria-label=\"Logistikzentrum-Wieselburg_2021\"><\/div><div class=\"swiper-slide-inner\" ><div class=\"swiper-slide-contents\"><\/div><\/div><\/div><div class=\"elementor-repeater-item-e92c077 swiper-slide\" role=\"group\" aria-roledescription=\"slide\"><div class=\"swiper-slide-bg\" role=\"img\" aria-label=\"Logistikzentrum-Wieselburg_2021\"><\/div><div class=\"swiper-slide-inner\" ><div class=\"swiper-slide-contents\"><\/div><\/div><\/div><div class=\"elementor-repeater-item-abe92cd swiper-slide\" role=\"group\" aria-roledescription=\"slide\"><div class=\"swiper-slide-bg\" role=\"img\" aria-label=\"Logistikzentrum-Wieselburg_2021\"><\/div><div class=\"swiper-slide-inner\" ><div class=\"swiper-slide-contents\"><\/div><\/div><\/div>\t\t\t\t<\/div>\n\t\t\t\t\t\t\t\t\t\t\t\t\t\t\t<div class=\"elementor-swiper-button elementor-swiper-button-prev\" role=\"button\" tabindex=\"0\" aria-label=\"Previous slide\">\n\t\t\t\t\t\t\t<i aria-hidden=\"true\" class=\"eicon-chevron-left\"><\/i>\t\t\t\t\t\t<\/div>\n\t\t\t\t\t\t<div class=\"elementor-swiper-button elementor-swiper-button-next\" role=\"button\" tabindex=\"0\" aria-label=\"Next slide\">\n\t\t\t\t\t\t\t<i aria-hidden=\"true\" class=\"eicon-chevron-right\"><\/i>\t\t\t\t\t\t<\/div>\n\t\t\t\t\t\t\t\t\t\t\t\t\t\t\t\t<div class=\"swiper-pagination\"><\/div>\n\t\t\t\t\t\t\t\t\t\t\t\t<\/div>\n\t\t\t\t<\/div>\n\t\t\t\t\t\t\t\t<\/div>\n\t\t\t\t<\/div>\n\t\t\t\t<div class=\"elementor-element elementor-element-520c1d16 elementor-widget elementor-widget-text-editor\" data-id=\"520c1d16\" data-element_type=\"widget\" data-e-type=\"widget\" data-widget_type=\"text-editor.default\">\n\t\t\t\t<div class=\"elementor-widget-container\">\n\t\t\t\t\t\t\t\t\t<p><div class=\"ShariffSC shariff-zkw\"><div class=\"shariff shariff-align-left shariff-widget-align-left\" style=\"display:none\"><ul class=\"shariff-buttons theme-round orientation-vertical buttonsize-medium\"><li class=\"shariff-button facebook shariff-nocustomcolor\" style=\"background-color:#4273c8\"><a href=\"https:\/\/www.facebook.com\/sharer\/sharer.php?u=https%3A%2F%2Fzkw-group.com%2Fcz%2Fhome%2Fnewsroom%2Fnews%2Fnove-logisticke-centrum-zkw-zrychli-vyrobu-a-rozsiri-kapacitu%2F\" title=\"Share on Facebook\" aria-label=\"Share on Facebook\" role=\"button\" rel=\"nofollow\" class=\"shariff-link\" style=\"; background-color:#3b5998; color:#fff\" target=\"_blank\"><span class=\"shariff-icon\" style=\"\"><svg width=\"32px\" height=\"20px\" xmlns=\"http:\/\/www.w3.org\/2000\/svg\" viewBox=\"0 0 18 32\"><path fill=\"#3b5998\" d=\"M17.1 0.2v4.7h-2.8q-1.5 0-2.1 0.6t-0.5 1.9v3.4h5.2l-0.7 5.3h-4.5v13.6h-5.5v-13.6h-4.5v-5.3h4.5v-3.9q0-3.3 1.9-5.2t5-1.8q2.6 0 4.1 0.2z\"\/><\/svg><\/span><\/a><\/li><li class=\"shariff-button twitter shariff-nocustomcolor\" style=\"background-color:#595959\"><a href=\"https:\/\/twitter.com\/share?url=https%3A%2F%2Fzkw-group.com%2Fcz%2Fhome%2Fnewsroom%2Fnews%2Fnove-logisticke-centrum-zkw-zrychli-vyrobu-a-rozsiri-kapacitu%2F&#038;text=Nov%C3%A9%20logistick%C3%A9%20centrum%20ZKW%20zrychl%C3%AD%20v%C3%BDrobu%20a%20roz%C5%A1%C3%AD%C5%99%C3%AD%20kapacitu\" title=\"Share on X\" aria-label=\"Share on X\" role=\"button\" rel=\"noopener nofollow\" class=\"shariff-link\" style=\"; background-color:#000; color:#fff\" target=\"_blank\"><span class=\"shariff-icon\" style=\"\"><svg width=\"32px\" height=\"20px\" xmlns=\"http:\/\/www.w3.org\/2000\/svg\" viewBox=\"0 0 24 24\"><path fill=\"#000\" d=\"M14.258 10.152L23.176 0h-2.113l-7.747 8.813L7.133 0H0l9.352 13.328L0 23.973h2.113l8.176-9.309 6.531 9.309h7.133zm-2.895 3.293l-.949-1.328L2.875 1.56h3.246l6.086 8.523.945 1.328 7.91 11.078h-3.246zm0 0\"\/><\/svg><\/span><\/a><\/li><li class=\"shariff-button linkedin shariff-nocustomcolor\" style=\"background-color:#1488bf\"><a href=\"https:\/\/www.linkedin.com\/sharing\/share-offsite\/?url=https%3A%2F%2Fzkw-group.com%2Fcz%2Fhome%2Fnewsroom%2Fnews%2Fnove-logisticke-centrum-zkw-zrychli-vyrobu-a-rozsiri-kapacitu%2F\" title=\"Share on LinkedIn\" aria-label=\"Share on LinkedIn\" role=\"button\" rel=\"noopener nofollow\" class=\"shariff-link\" style=\"; background-color:#0077b5; color:#fff\" target=\"_blank\"><span class=\"shariff-icon\" style=\"\"><svg width=\"32px\" height=\"20px\" xmlns=\"http:\/\/www.w3.org\/2000\/svg\" viewBox=\"0 0 27 32\"><path fill=\"#0077b5\" d=\"M6.2 11.2v17.7h-5.9v-17.7h5.9zM6.6 5.7q0 1.3-0.9 2.2t-2.4 0.9h0q-1.5 0-2.4-0.9t-0.9-2.2 0.9-2.2 2.4-0.9 2.4 0.9 0.9 2.2zM27.4 18.7v10.1h-5.9v-9.5q0-1.9-0.7-2.9t-2.3-1.1q-1.1 0-1.9 0.6t-1.2 1.5q-0.2 0.5-0.2 1.4v9.9h-5.9q0-7.1 0-11.6t0-5.3l0-0.9h5.9v2.6h0q0.4-0.6 0.7-1t1-0.9 1.6-0.8 2-0.3q3 0 4.9 2t1.9 6z\"\/><\/svg><\/span><\/a><\/li><li class=\"shariff-button xing shariff-nocustomcolor\" style=\"background-color:#29888a\"><a href=\"https:\/\/www.xing.com\/spi\/shares\/new?url=https%3A%2F%2Fzkw-group.com%2Fcz%2Fhome%2Fnewsroom%2Fnews%2Fnove-logisticke-centrum-zkw-zrychli-vyrobu-a-rozsiri-kapacitu%2F\" title=\"Share on XING\" aria-label=\"Share on XING\" role=\"button\" rel=\"noopener nofollow\" class=\"shariff-link\" style=\"; background-color:#126567; color:#fff\" target=\"_blank\"><span class=\"shariff-icon\" style=\"\"><svg width=\"32px\" height=\"20px\" xmlns=\"http:\/\/www.w3.org\/2000\/svg\" viewBox=\"0 0 25 32\"><path fill=\"#126567\" d=\"M10.7 11.9q-0.2 0.3-4.6 8.2-0.5 0.8-1.2 0.8h-4.3q-0.4 0-0.5-0.3t0-0.6l4.5-8q0 0 0 0l-2.9-5q-0.2-0.4 0-0.7 0.2-0.3 0.5-0.3h4.3q0.7 0 1.2 0.8zM25.1 0.4q0.2 0.3 0 0.7l-9.4 16.7 6 11q0.2 0.4 0 0.6-0.2 0.3-0.6 0.3h-4.3q-0.7 0-1.2-0.8l-6-11.1q0.3-0.6 9.5-16.8 0.4-0.8 1.2-0.8h4.3q0.4 0 0.5 0.3z\"\/><\/svg><\/span><\/a><\/li><li class=\"shariff-button whatsapp shariff-nocustomcolor\" style=\"background-color:#5cbe4a\"><a href=\"https:\/\/api.whatsapp.com\/send?text=https%3A%2F%2Fzkw-group.com%2Fcz%2Fhome%2Fnewsroom%2Fnews%2Fnove-logisticke-centrum-zkw-zrychli-vyrobu-a-rozsiri-kapacitu%2F%20Nov%C3%A9%20logistick%C3%A9%20centrum%20ZKW%20zrychl%C3%AD%20v%C3%BDrobu%20a%20roz%C5%A1%C3%AD%C5%99%C3%AD%20kapacitu\" title=\"Share on Whatsapp\" aria-label=\"Share on Whatsapp\" role=\"button\" rel=\"noopener nofollow\" class=\"shariff-link\" style=\"; background-color:#34af23; color:#fff\" target=\"_blank\"><span class=\"shariff-icon\" style=\"\"><svg width=\"32px\" height=\"20px\" xmlns=\"http:\/\/www.w3.org\/2000\/svg\" viewBox=\"0 0 32 32\"><path fill=\"#34af23\" d=\"M17.6 17.4q0.2 0 1.7 0.8t1.6 0.9q0 0.1 0 0.3 0 0.6-0.3 1.4-0.3 0.7-1.3 1.2t-1.8 0.5q-1 0-3.4-1.1-1.7-0.8-3-2.1t-2.6-3.3q-1.3-1.9-1.3-3.5v-0.1q0.1-1.6 1.3-2.8 0.4-0.4 0.9-0.4 0.1 0 0.3 0t0.3 0q0.3 0 0.5 0.1t0.3 0.5q0.1 0.4 0.6 1.6t0.4 1.3q0 0.4-0.6 1t-0.6 0.8q0 0.1 0.1 0.3 0.6 1.3 1.8 2.4 1 0.9 2.7 1.8 0.2 0.1 0.4 0.1 0.3 0 1-0.9t0.9-0.9zM14 26.9q2.3 0 4.3-0.9t3.6-2.4 2.4-3.6 0.9-4.3-0.9-4.3-2.4-3.6-3.6-2.4-4.3-0.9-4.3 0.9-3.6 2.4-2.4 3.6-0.9 4.3q0 3.6 2.1 6.6l-1.4 4.2 4.3-1.4q2.8 1.9 6.2 1.9zM14 2.2q2.7 0 5.2 1.1t4.3 2.9 2.9 4.3 1.1 5.2-1.1 5.2-2.9 4.3-4.3 2.9-5.2 1.1q-3.5 0-6.5-1.7l-7.4 2.4 2.4-7.2q-1.9-3.2-1.9-6.9 0-2.7 1.1-5.2t2.9-4.3 4.3-2.9 5.2-1.1z\"\/><\/svg><\/span><\/a><\/li><li class=\"shariff-button mailto shariff-nocustomcolor\" style=\"background-color:#a8a8a8\"><a href=\"mailto:?body=https%3A%2F%2Fzkw-group.com%2Fcz%2Fhome%2Fnewsroom%2Fnews%2Fnove-logisticke-centrum-zkw-zrychli-vyrobu-a-rozsiri-kapacitu%2F&#038;subject=Nov%C3%A9%20logistick%C3%A9%20centrum%20ZKW%20zrychl%C3%AD%20v%C3%BDrobu%20a%20roz%C5%A1%C3%AD%C5%99%C3%AD%20kapacitu\" title=\"Send by email\" aria-label=\"Send by email\" role=\"button\" rel=\"noopener nofollow\" class=\"shariff-link\" style=\"; background-color:#999; color:#fff\"><span class=\"shariff-icon\" style=\"\"><svg width=\"32px\" height=\"20px\" xmlns=\"http:\/\/www.w3.org\/2000\/svg\" viewBox=\"0 0 32 32\"><path fill=\"#999\" d=\"M32 12.7v14.2q0 1.2-0.8 2t-2 0.9h-26.3q-1.2 0-2-0.9t-0.8-2v-14.2q0.8 0.9 1.8 1.6 6.5 4.4 8.9 6.1 1 0.8 1.6 1.2t1.7 0.9 2 0.4h0.1q0.9 0 2-0.4t1.7-0.9 1.6-1.2q3-2.2 8.9-6.1 1-0.7 1.8-1.6zM32 7.4q0 1.4-0.9 2.7t-2.2 2.2q-6.7 4.7-8.4 5.8-0.2 0.1-0.7 0.5t-1 0.7-0.9 0.6-1.1 0.5-0.9 0.2h-0.1q-0.4 0-0.9-0.2t-1.1-0.5-0.9-0.6-1-0.7-0.7-0.5q-1.6-1.1-4.7-3.2t-3.6-2.6q-1.1-0.7-2.1-2t-1-2.5q0-1.4 0.7-2.3t2.1-0.9h26.3q1.2 0 2 0.8t0.9 2z\"\/><\/svg><\/span><\/a><\/li><\/ul><\/div><\/div><\/p>\n\t\t\t\t\t\t\t\t<\/div>\n\t\t\t\t<\/div>\n\t\t\t\t\t<\/div>\n\t\t<\/div>\n\t\t\t\t<div class=\"elementor-column elementor-col-33 elementor-inner-column elementor-element elementor-element-454da4ff\" data-id=\"454da4ff\" data-element_type=\"column\" data-e-type=\"column\">\n\t\t\t<div class=\"elementor-widget-wrap elementor-element-populated\">\n\t\t\t\t\t\t<div class=\"elementor-element elementor-element-12fd0895 elementor-widget elementor-widget-toolset-view\" data-id=\"12fd0895\" data-element_type=\"widget\" data-e-type=\"widget\" data-widget_type=\"toolset-view.default\">\n\t\t\t\t<div class=\"elementor-widget-container\">\n\t\t\t\t\t\n\n\n\n\t\n\t\n\t\n\t\t<h4 class=\"contact-headline\">Kontakt pro tisk<\/h4>\n<div class=\"contact-details\">\n  <div class=\"contact-image\">\n  \t<img fetchpriority=\"high\" fetchpriority=\"high\" fetchpriority=\"high\" decoding=\"async\" width=\"240\" height=\"300\" src=\"https:\/\/zkw-group.com\/wp-content\/uploads\/2025\/06\/vanessa-sonnleitner-240x300-1.jpg\" class=\"attachment-medium size-medium wp-post-image\" alt=\"vanessa sonnleitner\" srcset=\"https:\/\/zkwgroup.wpenginepowered.com\/wp-content\/uploads\/2025\/06\/vanessa-sonnleitner-240x300-1.jpg 240w, https:\/\/zkwgroup.wpenginepowered.com\/wp-content\/uploads\/2025\/06\/vanessa-sonnleitner-240x300-1-120x150.jpg 120w\" sizes=\"(max-width: 240px) 100vw, 240px\" \/>\n  <\/div>\n  <div class=\"contact-address\">\n\t<h3>Vanessa Stark<\/h3>\n\t\n\n\n\n\t\n\t\n\t\n\t\t<h5>Headquarters<\/h5>\n<p>ZKW Group GmbH<br\/>Rottenhauser Stra\u00dfe 8<br\/>\nA-3250 Wieselburg<br\/>\n<a href=\"mailto:press@zkw-group.com\">press@zkw-group.com<\/a><br\/>\n\n<a href=\"tel:+43 7416 505 0\">+43 7416 505 0<\/a><\/p>\n\t\n\t\n\t\n\t\n\n  <\/div>\n<\/div>\n\t\n\t\n\t\n\t\n\t\t\t\t<\/div>\n\t\t\t\t<\/div>\n\t\t\t\t<div class=\"elementor-element elementor-element-b6017c5 elementor-widget elementor-widget-text-editor\" data-id=\"b6017c5\" data-element_type=\"widget\" data-e-type=\"widget\" data-widget_type=\"text-editor.default\">\n\t\t\t\t<div class=\"elementor-widget-container\">\n\t\t\t\t\t\t\t\t\t<p><a href=\"https:\/\/zkw-group.com\/wp-content\/uploads\/2021\/11\/Logistikzentrum-Wieselburg-1.zip\">Download tisk<\/a> 19.29 MB<\/p>\n\t\t\t\t\t\t\t\t<\/div>\n\t\t\t\t<\/div>\n\t\t\t\t\t<\/div>\n\t\t<\/div>\n\t\t\t\t\t<\/div>\n\t\t<\/section>\n\t\t\t\t\t<\/div>\n\t\t<\/div>\n\t\t\t\t<div class=\"elementor-column elementor-col-16 elementor-top-column elementor-element elementor-element-63444391\" data-id=\"63444391\" data-element_type=\"column\" data-e-type=\"column\">\n\t\t\t<div class=\"elementor-widget-wrap\">\n\t\t\t\t\t\t\t<\/div>\n\t\t<\/div>\n\t\t\t\t\t<\/div>\n\t\t<\/section>\n\t\t\t\t<\/div>\n\t\t","protected":false},"excerpt":{"rendered":"<p>Po p\u0159ibli\u017en\u011b jednom roce v\u00fdstavby byl zah\u00e1jen provoz nov\u00e9ho logistick\u00e9ho centra spole\u010dnosti ZKW ve Wieselburgu. Vysoce automatizovan\u00fd skladov\u00fd syst\u00e9m na b\u00fdval\u00e9m parkovi\u0161ti v Scheibbser Stra\u00dfe garantuje rychl\u00fd a efektivn\u00ed z\u00e1sobov\u00e1n\u00ed materi\u00e1lem v cel\u00e9m v\u00fdrobn\u00edm z\u00e1vod\u011b. Od poloviny \u0159\u00edjna prob\u00edh\u00e1 napojov\u00e1n\u00ed dal\u0161\u00edch mont\u00e1\u017en\u00edch linek na nov\u00fd syst\u00e9m. Do prvn\u00edho \u010dtvrtlet\u00ed roku 2022 m\u00e1 b\u00fdt na logistick\u00e9 centrum napojeno v\u0161ech 28 v\u00fdrobn\u00edch linek. Inteligentn\u00ed sklad zbo\u017e\u00ed p\u0159inese firm\u011b nejen dal\u0161\u00ed skladov\u00e9 kapacity, ale tak\u00e9 uvoln\u00ed d\u0159\u00edv\u011bj\u0161\u00ed skladov\u00e9 plochy pro novou v\u00fdrobu. \u201eD\u00edky nov\u00e9mu logistick\u00e9mu centru bude cel\u00fd tok zbo\u017e\u00ed \u2013 od p\u0159\u00edjmu a\u017e po v\u00fdrobu \u2013 pln\u011b automatizovan\u00fd a obejde se bez jak\u00e9koli dal\u0161\u00ed manipulace na sklad\u011b. Od objedn\u00e1n\u00ed materi\u00e1lu na mont\u00e1\u017en\u00edm p\u00e1su uplyne necel\u00fdch 15 minut a pot\u0159ebn\u00e9 d\u00edly doraz\u00ed na ur\u010den\u00e9 m\u00edsto,\u201c prohla\u0161uje Stefan Hauptmann, vedouc\u00ed v\u00fdroby v z\u00e1vod\u011b ZKW Lichtsysteme Wieselburg.<\/p>\n","protected":false},"featured_media":46230,"template":"","class_list":["post-46278","news","type-news","status-publish","has-post-thumbnail","hentry"],"yoast_head":"<!-- This site is optimized with the Yoast SEO plugin v27.5 - https:\/\/yoast.com\/product\/yoast-seo-wordpress\/ -->\n<title>Nov\u00e9 logistick\u00e9 centrum ZKW zrychl\u00ed v\u00fdrobu a roz\u0161\u00ed\u0159\u00ed kapacitu - ZKW Group \u2013 BRIGHT MINDS, BRIGHT LIGHTS.<\/title>\n<meta name=\"robots\" content=\"index, follow, max-snippet:-1, max-image-preview:large, max-video-preview:-1\" \/>\n<link rel=\"canonical\" href=\"https:\/\/zkw-group.com\/cz\/home\/newsroom\/news\/nove-logisticke-centrum-zkw-zrychli-vyrobu-a-rozsiri-kapacitu\/\" \/>\n<meta property=\"og:locale\" content=\"en_US\" \/>\n<meta property=\"og:type\" content=\"article\" \/>\n<meta property=\"og:title\" content=\"Nov\u00e9 logistick\u00e9 centrum ZKW zrychl\u00ed v\u00fdrobu a roz\u0161\u00ed\u0159\u00ed kapacitu - ZKW Group \u2013 BRIGHT MINDS, BRIGHT LIGHTS.\" \/>\n<meta property=\"og:description\" content=\"Po p\u0159ibli\u017en\u011b jednom roce v\u00fdstavby byl zah\u00e1jen provoz nov\u00e9ho logistick\u00e9ho centra spole\u010dnosti ZKW ve Wieselburgu. Vysoce automatizovan\u00fd skladov\u00fd syst\u00e9m na b\u00fdval\u00e9m parkovi\u0161ti v Scheibbser Stra\u00dfe garantuje rychl\u00fd a efektivn\u00ed z\u00e1sobov\u00e1n\u00ed materi\u00e1lem v cel\u00e9m v\u00fdrobn\u00edm z\u00e1vod\u011b. Od poloviny \u0159\u00edjna prob\u00edh\u00e1 napojov\u00e1n\u00ed dal\u0161\u00edch mont\u00e1\u017en\u00edch linek na nov\u00fd syst\u00e9m. Do prvn\u00edho \u010dtvrtlet\u00ed roku 2022 m\u00e1 b\u00fdt na logistick\u00e9 centrum napojeno v\u0161ech 28 v\u00fdrobn\u00edch linek. Inteligentn\u00ed sklad zbo\u017e\u00ed p\u0159inese firm\u011b nejen dal\u0161\u00ed skladov\u00e9 kapacity, ale tak\u00e9 uvoln\u00ed d\u0159\u00edv\u011bj\u0161\u00ed skladov\u00e9 plochy pro novou v\u00fdrobu. \u201eD\u00edky nov\u00e9mu logistick\u00e9mu centru bude cel\u00fd tok zbo\u017e\u00ed \u2013 od p\u0159\u00edjmu a\u017e po v\u00fdrobu \u2013 pln\u011b automatizovan\u00fd a obejde se bez jak\u00e9koli dal\u0161\u00ed manipulace na sklad\u011b. Od objedn\u00e1n\u00ed materi\u00e1lu na mont\u00e1\u017en\u00edm p\u00e1su uplyne necel\u00fdch 15 minut a pot\u0159ebn\u00e9 d\u00edly doraz\u00ed na ur\u010den\u00e9 m\u00edsto,\u201c prohla\u0161uje Stefan Hauptmann, vedouc\u00ed v\u00fdroby v z\u00e1vod\u011b ZKW Lichtsysteme Wieselburg.\" \/>\n<meta property=\"og:url\" content=\"https:\/\/zkw-group.com\/cz\/home\/newsroom\/news\/nove-logisticke-centrum-zkw-zrychli-vyrobu-a-rozsiri-kapacitu\/\" \/>\n<meta property=\"og:site_name\" content=\"ZKW Group \u2013 BRIGHT MINDS, BRIGHT LIGHTS.\" \/>\n<meta property=\"article:publisher\" content=\"https:\/\/www.facebook.com\/zkwgroup\/\" \/>\n<meta property=\"article:modified_time\" content=\"2021-11-10T07:40:00+00:00\" \/>\n<meta property=\"og:image\" content=\"https:\/\/zkw-group.com\/wp-content\/uploads\/2021\/11\/Vorschau_Logistikzentrum-Wieselburg.jpg\" \/>\n\t<meta property=\"og:image:width\" content=\"500\" \/>\n\t<meta property=\"og:image:height\" content=\"500\" \/>\n\t<meta property=\"og:image:type\" content=\"image\/jpeg\" \/>\n<meta name=\"twitter:card\" content=\"summary_large_image\" \/>\n<meta name=\"twitter:site\" content=\"@zkw\" \/>\n<meta name=\"twitter:label1\" content=\"Est. reading time\" \/>\n\t<meta name=\"twitter:data1\" content=\"3 minutes\" \/>\n<script type=\"application\/ld+json\" class=\"yoast-schema-graph\">{\"@context\":\"https:\\\/\\\/schema.org\",\"@graph\":[{\"@type\":\"WebPage\",\"@id\":\"https:\\\/\\\/zkw-group.com\\\/cz\\\/home\\\/newsroom\\\/news\\\/nove-logisticke-centrum-zkw-zrychli-vyrobu-a-rozsiri-kapacitu\\\/\",\"url\":\"https:\\\/\\\/zkw-group.com\\\/cz\\\/home\\\/newsroom\\\/news\\\/nove-logisticke-centrum-zkw-zrychli-vyrobu-a-rozsiri-kapacitu\\\/\",\"name\":\"Nov\u00e9 logistick\u00e9 centrum ZKW zrychl\u00ed v\u00fdrobu a roz\u0161\u00ed\u0159\u00ed kapacitu - ZKW Group \u2013 BRIGHT MINDS, BRIGHT LIGHTS.\",\"isPartOf\":{\"@id\":\"https:\\\/\\\/zkw-group.com\\\/cz\\\/#website\"},\"primaryImageOfPage\":{\"@id\":\"https:\\\/\\\/zkw-group.com\\\/cz\\\/home\\\/newsroom\\\/news\\\/nove-logisticke-centrum-zkw-zrychli-vyrobu-a-rozsiri-kapacitu\\\/#primaryimage\"},\"image\":{\"@id\":\"https:\\\/\\\/zkw-group.com\\\/cz\\\/home\\\/newsroom\\\/news\\\/nove-logisticke-centrum-zkw-zrychli-vyrobu-a-rozsiri-kapacitu\\\/#primaryimage\"},\"thumbnailUrl\":\"https:\\\/\\\/zkw-group.com\\\/wp-content\\\/uploads\\\/2021\\\/11\\\/Vorschau_Logistikzentrum-Wieselburg.jpg\",\"datePublished\":\"2021-11-10T07:39:59+00:00\",\"dateModified\":\"2021-11-10T07:40:00+00:00\",\"breadcrumb\":{\"@id\":\"https:\\\/\\\/zkw-group.com\\\/cz\\\/home\\\/newsroom\\\/news\\\/nove-logisticke-centrum-zkw-zrychli-vyrobu-a-rozsiri-kapacitu\\\/#breadcrumb\"},\"inLanguage\":\"cz-CZ\",\"potentialAction\":[{\"@type\":\"ReadAction\",\"target\":[\"https:\\\/\\\/zkw-group.com\\\/cz\\\/home\\\/newsroom\\\/news\\\/nove-logisticke-centrum-zkw-zrychli-vyrobu-a-rozsiri-kapacitu\\\/\"]}]},{\"@type\":\"ImageObject\",\"inLanguage\":\"cz-CZ\",\"@id\":\"https:\\\/\\\/zkw-group.com\\\/cz\\\/home\\\/newsroom\\\/news\\\/nove-logisticke-centrum-zkw-zrychli-vyrobu-a-rozsiri-kapacitu\\\/#primaryimage\",\"url\":\"https:\\\/\\\/zkw-group.com\\\/wp-content\\\/uploads\\\/2021\\\/11\\\/Vorschau_Logistikzentrum-Wieselburg.jpg\",\"contentUrl\":\"https:\\\/\\\/zkw-group.com\\\/wp-content\\\/uploads\\\/2021\\\/11\\\/Vorschau_Logistikzentrum-Wieselburg.jpg\",\"width\":500,\"height\":500,\"caption\":\"Logistikzentrum-Wieselburg_2021\"},{\"@type\":\"BreadcrumbList\",\"@id\":\"https:\\\/\\\/zkw-group.com\\\/cz\\\/home\\\/newsroom\\\/news\\\/nove-logisticke-centrum-zkw-zrychli-vyrobu-a-rozsiri-kapacitu\\\/#breadcrumb\",\"itemListElement\":[{\"@type\":\"ListItem\",\"position\":1,\"name\":\"News\",\"item\":\"https:\\\/\\\/zkw-group.com\\\/cz\\\/home\\\/newsroom\\\/news\\\/\"},{\"@type\":\"ListItem\",\"position\":2,\"name\":\"Nov\u00e9 logistick\u00e9 centrum ZKW zrychl\u00ed v\u00fdrobu a roz\u0161\u00ed\u0159\u00ed kapacitu\"}]},{\"@type\":\"WebSite\",\"@id\":\"https:\\\/\\\/zkw-group.com\\\/cz\\\/#website\",\"url\":\"https:\\\/\\\/zkw-group.com\\\/cz\\\/\",\"name\":\"ZKW Group \u2013 BRIGHT MINDS, BRIGHT LIGHTS.\",\"description\":\"\",\"publisher\":{\"@id\":\"https:\\\/\\\/zkw-group.com\\\/cz\\\/#organization\"},\"potentialAction\":[{\"@type\":\"SearchAction\",\"target\":{\"@type\":\"EntryPoint\",\"urlTemplate\":\"https:\\\/\\\/zkw-group.com\\\/cz\\\/?s={search_term_string}\"},\"query-input\":{\"@type\":\"PropertyValueSpecification\",\"valueRequired\":true,\"valueName\":\"search_term_string\"}}],\"inLanguage\":\"cz-CZ\"},{\"@type\":\"Organization\",\"@id\":\"https:\\\/\\\/zkw-group.com\\\/cz\\\/#organization\",\"name\":\"ZKW Group\",\"url\":\"https:\\\/\\\/zkw-group.com\\\/cz\\\/\",\"logo\":{\"@type\":\"ImageObject\",\"inLanguage\":\"cz-CZ\",\"@id\":\"https:\\\/\\\/zkw-group.com\\\/cz\\\/#\\\/schema\\\/logo\\\/image\\\/\",\"url\":\"https:\\\/\\\/zkw-group.com\\\/wp-content\\\/uploads\\\/2019\\\/08\\\/logo.png\",\"contentUrl\":\"https:\\\/\\\/zkw-group.com\\\/wp-content\\\/uploads\\\/2019\\\/08\\\/logo.png\",\"width\":268,\"height\":130,\"caption\":\"ZKW Group\"},\"image\":{\"@id\":\"https:\\\/\\\/zkw-group.com\\\/cz\\\/#\\\/schema\\\/logo\\\/image\\\/\"},\"sameAs\":[\"https:\\\/\\\/www.facebook.com\\\/zkwgroup\\\/\",\"https:\\\/\\\/x.com\\\/zkw\",\"https:\\\/\\\/www.instagram.com\\\/zkwgroup\\\/\",\"https:\\\/\\\/www.linkedin.com\\\/company\\\/zkw-group\\\/\",\"https:\\\/\\\/www.youtube.com\\\/channel\\\/UCZ7uTlJOUXyDmCKOVT3ERdQ\",\"https:\\\/\\\/de.wikipedia.org\\\/wiki\\\/ZKW\"]}]}<\/script>\n<!-- \/ Yoast SEO plugin. -->","yoast_head_json":{"title":"Nov\u00e9 logistick\u00e9 centrum ZKW zrychl\u00ed v\u00fdrobu a roz\u0161\u00ed\u0159\u00ed kapacitu - ZKW Group \u2013 BRIGHT MINDS, BRIGHT LIGHTS.","robots":{"index":"index","follow":"follow","max-snippet":"max-snippet:-1","max-image-preview":"max-image-preview:large","max-video-preview":"max-video-preview:-1"},"canonical":"https:\/\/zkw-group.com\/cz\/home\/newsroom\/news\/nove-logisticke-centrum-zkw-zrychli-vyrobu-a-rozsiri-kapacitu\/","og_locale":"en_US","og_type":"article","og_title":"Nov\u00e9 logistick\u00e9 centrum ZKW zrychl\u00ed v\u00fdrobu a roz\u0161\u00ed\u0159\u00ed kapacitu - ZKW Group \u2013 BRIGHT MINDS, BRIGHT LIGHTS.","og_description":"Po p\u0159ibli\u017en\u011b jednom roce v\u00fdstavby byl zah\u00e1jen provoz nov\u00e9ho logistick\u00e9ho centra spole\u010dnosti ZKW ve Wieselburgu. Vysoce automatizovan\u00fd skladov\u00fd syst\u00e9m na b\u00fdval\u00e9m parkovi\u0161ti v Scheibbser Stra\u00dfe garantuje rychl\u00fd a efektivn\u00ed z\u00e1sobov\u00e1n\u00ed materi\u00e1lem v cel\u00e9m v\u00fdrobn\u00edm z\u00e1vod\u011b. Od poloviny \u0159\u00edjna prob\u00edh\u00e1 napojov\u00e1n\u00ed dal\u0161\u00edch mont\u00e1\u017en\u00edch linek na nov\u00fd syst\u00e9m. Do prvn\u00edho \u010dtvrtlet\u00ed roku 2022 m\u00e1 b\u00fdt na logistick\u00e9 centrum napojeno v\u0161ech 28 v\u00fdrobn\u00edch linek. Inteligentn\u00ed sklad zbo\u017e\u00ed p\u0159inese firm\u011b nejen dal\u0161\u00ed skladov\u00e9 kapacity, ale tak\u00e9 uvoln\u00ed d\u0159\u00edv\u011bj\u0161\u00ed skladov\u00e9 plochy pro novou v\u00fdrobu. \u201eD\u00edky nov\u00e9mu logistick\u00e9mu centru bude cel\u00fd tok zbo\u017e\u00ed \u2013 od p\u0159\u00edjmu a\u017e po v\u00fdrobu \u2013 pln\u011b automatizovan\u00fd a obejde se bez jak\u00e9koli dal\u0161\u00ed manipulace na sklad\u011b. Od objedn\u00e1n\u00ed materi\u00e1lu na mont\u00e1\u017en\u00edm p\u00e1su uplyne necel\u00fdch 15 minut a pot\u0159ebn\u00e9 d\u00edly doraz\u00ed na ur\u010den\u00e9 m\u00edsto,\u201c prohla\u0161uje Stefan Hauptmann, vedouc\u00ed v\u00fdroby v z\u00e1vod\u011b ZKW Lichtsysteme Wieselburg.","og_url":"https:\/\/zkw-group.com\/cz\/home\/newsroom\/news\/nove-logisticke-centrum-zkw-zrychli-vyrobu-a-rozsiri-kapacitu\/","og_site_name":"ZKW Group \u2013 BRIGHT MINDS, BRIGHT LIGHTS.","article_publisher":"https:\/\/www.facebook.com\/zkwgroup\/","article_modified_time":"2021-11-10T07:40:00+00:00","og_image":[{"width":500,"height":500,"url":"https:\/\/zkw-group.com\/wp-content\/uploads\/2021\/11\/Vorschau_Logistikzentrum-Wieselburg.jpg","type":"image\/jpeg"}],"twitter_card":"summary_large_image","twitter_site":"@zkw","twitter_misc":{"Est. reading time":"3 minutes"},"schema":{"@context":"https:\/\/schema.org","@graph":[{"@type":"WebPage","@id":"https:\/\/zkw-group.com\/cz\/home\/newsroom\/news\/nove-logisticke-centrum-zkw-zrychli-vyrobu-a-rozsiri-kapacitu\/","url":"https:\/\/zkw-group.com\/cz\/home\/newsroom\/news\/nove-logisticke-centrum-zkw-zrychli-vyrobu-a-rozsiri-kapacitu\/","name":"Nov\u00e9 logistick\u00e9 centrum ZKW zrychl\u00ed v\u00fdrobu a roz\u0161\u00ed\u0159\u00ed kapacitu - ZKW Group \u2013 BRIGHT MINDS, BRIGHT LIGHTS.","isPartOf":{"@id":"https:\/\/zkw-group.com\/cz\/#website"},"primaryImageOfPage":{"@id":"https:\/\/zkw-group.com\/cz\/home\/newsroom\/news\/nove-logisticke-centrum-zkw-zrychli-vyrobu-a-rozsiri-kapacitu\/#primaryimage"},"image":{"@id":"https:\/\/zkw-group.com\/cz\/home\/newsroom\/news\/nove-logisticke-centrum-zkw-zrychli-vyrobu-a-rozsiri-kapacitu\/#primaryimage"},"thumbnailUrl":"https:\/\/zkw-group.com\/wp-content\/uploads\/2021\/11\/Vorschau_Logistikzentrum-Wieselburg.jpg","datePublished":"2021-11-10T07:39:59+00:00","dateModified":"2021-11-10T07:40:00+00:00","breadcrumb":{"@id":"https:\/\/zkw-group.com\/cz\/home\/newsroom\/news\/nove-logisticke-centrum-zkw-zrychli-vyrobu-a-rozsiri-kapacitu\/#breadcrumb"},"inLanguage":"cz-CZ","potentialAction":[{"@type":"ReadAction","target":["https:\/\/zkw-group.com\/cz\/home\/newsroom\/news\/nove-logisticke-centrum-zkw-zrychli-vyrobu-a-rozsiri-kapacitu\/"]}]},{"@type":"ImageObject","inLanguage":"cz-CZ","@id":"https:\/\/zkw-group.com\/cz\/home\/newsroom\/news\/nove-logisticke-centrum-zkw-zrychli-vyrobu-a-rozsiri-kapacitu\/#primaryimage","url":"https:\/\/zkw-group.com\/wp-content\/uploads\/2021\/11\/Vorschau_Logistikzentrum-Wieselburg.jpg","contentUrl":"https:\/\/zkw-group.com\/wp-content\/uploads\/2021\/11\/Vorschau_Logistikzentrum-Wieselburg.jpg","width":500,"height":500,"caption":"Logistikzentrum-Wieselburg_2021"},{"@type":"BreadcrumbList","@id":"https:\/\/zkw-group.com\/cz\/home\/newsroom\/news\/nove-logisticke-centrum-zkw-zrychli-vyrobu-a-rozsiri-kapacitu\/#breadcrumb","itemListElement":[{"@type":"ListItem","position":1,"name":"News","item":"https:\/\/zkw-group.com\/cz\/home\/newsroom\/news\/"},{"@type":"ListItem","position":2,"name":"Nov\u00e9 logistick\u00e9 centrum ZKW zrychl\u00ed v\u00fdrobu a roz\u0161\u00ed\u0159\u00ed kapacitu"}]},{"@type":"WebSite","@id":"https:\/\/zkw-group.com\/cz\/#website","url":"https:\/\/zkw-group.com\/cz\/","name":"ZKW Group \u2013 BRIGHT MINDS, BRIGHT LIGHTS.","description":"","publisher":{"@id":"https:\/\/zkw-group.com\/cz\/#organization"},"potentialAction":[{"@type":"SearchAction","target":{"@type":"EntryPoint","urlTemplate":"https:\/\/zkw-group.com\/cz\/?s={search_term_string}"},"query-input":{"@type":"PropertyValueSpecification","valueRequired":true,"valueName":"search_term_string"}}],"inLanguage":"cz-CZ"},{"@type":"Organization","@id":"https:\/\/zkw-group.com\/cz\/#organization","name":"ZKW Group","url":"https:\/\/zkw-group.com\/cz\/","logo":{"@type":"ImageObject","inLanguage":"cz-CZ","@id":"https:\/\/zkw-group.com\/cz\/#\/schema\/logo\/image\/","url":"https:\/\/zkw-group.com\/wp-content\/uploads\/2019\/08\/logo.png","contentUrl":"https:\/\/zkw-group.com\/wp-content\/uploads\/2019\/08\/logo.png","width":268,"height":130,"caption":"ZKW Group"},"image":{"@id":"https:\/\/zkw-group.com\/cz\/#\/schema\/logo\/image\/"},"sameAs":["https:\/\/www.facebook.com\/zkwgroup\/","https:\/\/x.com\/zkw","https:\/\/www.instagram.com\/zkwgroup\/","https:\/\/www.linkedin.com\/company\/zkw-group\/","https:\/\/www.youtube.com\/channel\/UCZ7uTlJOUXyDmCKOVT3ERdQ","https:\/\/de.wikipedia.org\/wiki\/ZKW"]}]}},"_links":{"self":[{"href":"https:\/\/zkw-group.com\/cz\/wp-json\/wp\/v2\/news\/46278","targetHints":{"allow":["GET"]}}],"collection":[{"href":"https:\/\/zkw-group.com\/cz\/wp-json\/wp\/v2\/news"}],"about":[{"href":"https:\/\/zkw-group.com\/cz\/wp-json\/wp\/v2\/types\/news"}],"version-history":[{"count":0,"href":"https:\/\/zkw-group.com\/cz\/wp-json\/wp\/v2\/news\/46278\/revisions"}],"wp:featuredmedia":[{"embeddable":true,"href":"https:\/\/zkw-group.com\/cz\/wp-json\/wp\/v2\/media\/46230"}],"wp:attachment":[{"href":"https:\/\/zkw-group.com\/cz\/wp-json\/wp\/v2\/media?parent=46278"}],"curies":[{"name":"wp","href":"https:\/\/api.w.org\/{rel}","templated":true}]}}