{"id":52474,"date":"2024-05-29T08:20:01","date_gmt":"2024-05-29T06:20:01","guid":{"rendered":"https:\/\/zkw-group.com\/?post_type=news&#038;p=52474"},"modified":"2024-06-03T16:29:35","modified_gmt":"2024-06-03T14:29:35","slug":"andreas-nix-je-novym-prevadzkovym-riaditelom-skupiny-zkw","status":"publish","type":"news","link":"https:\/\/zkw-group.com\/sk\/home\/newsroom\/news\/andreas-nix-je-novym-prevadzkovym-riaditelom-skupiny-zkw\/","title":{"rendered":"Andreas Nix je nov\u00fdm prev\u00e1dzkov\u00fdm riadite\u013eom skupiny ZKW"},"content":{"rendered":"\t\t<div data-elementor-type=\"wp-post\" data-elementor-id=\"52474\" class=\"elementor elementor-52474 elementor-52422\" data-elementor-post-type=\"news\">\n\t\t\t\t\t\t<section class=\"elementor-section elementor-top-section elementor-element elementor-element-2254c9cf elementor-section-full_width elementor-section-height-min-height elementor-section-height-default elementor-section-items-middle\" data-id=\"2254c9cf\" data-element_type=\"section\" data-e-type=\"section\" data-settings=\"{&quot;background_background&quot;:&quot;classic&quot;}\">\n\t\t\t\t\t\t<div class=\"elementor-container elementor-column-gap-no\">\n\t\t\t\t\t<div class=\"elementor-column elementor-col-100 elementor-top-column elementor-element elementor-element-288e6f1e\" data-id=\"288e6f1e\" data-element_type=\"column\" data-e-type=\"column\">\n\t\t\t<div class=\"elementor-widget-wrap\">\n\t\t\t\t\t\t\t<\/div>\n\t\t<\/div>\n\t\t\t\t\t<\/div>\n\t\t<\/section>\n\t\t\t\t<section class=\"elementor-section elementor-top-section elementor-element elementor-element-4adeeda7 elementor-section-full_width elementor-section-height-default elementor-section-height-default\" data-id=\"4adeeda7\" data-element_type=\"section\" data-e-type=\"section\">\n\t\t\t\t\t\t<div class=\"elementor-container elementor-column-gap-default\">\n\t\t\t\t\t<div class=\"elementor-column elementor-col-16 elementor-top-column elementor-element elementor-element-7cc5f6a5\" data-id=\"7cc5f6a5\" data-element_type=\"column\" data-e-type=\"column\">\n\t\t\t<div class=\"elementor-widget-wrap\">\n\t\t\t\t\t\t\t<\/div>\n\t\t<\/div>\n\t\t\t\t<div class=\"elementor-column elementor-col-66 elementor-top-column elementor-element elementor-element-418361c9\" data-id=\"418361c9\" data-element_type=\"column\" data-e-type=\"column\">\n\t\t\t<div class=\"elementor-widget-wrap elementor-element-populated\">\n\t\t\t\t\t\t<div class=\"elementor-element elementor-element-70d0ae1c elementor-widget elementor-widget-text-editor\" data-id=\"70d0ae1c\" data-element_type=\"widget\" data-e-type=\"widget\" data-widget_type=\"text-editor.default\">\n\t\t\t\t<div class=\"elementor-widget-container\">\n\t\t\t\t\t\t\t\t\t<p id=\"breadcrumbs\"><a href=\"\/sk\">Domov<\/a> | <a href=\"https:\/\/zkw-group.com\/sk\/domov\/aktualne-spravy\/\">Aktu\u00e1lne spr\u00e1vy<\/a> | <strong class=\"breadcrumb_last\" aria-current=\"page\">Andreas Nix je nov\u00fdm prev\u00e1dzkov\u00fdm riadite\u013eom skupiny ZKW<\/strong><\/p>\n\t\t\t\t\t\t\t\t<\/div>\n\t\t\t\t<\/div>\n\t\t\t\t<section class=\"elementor-section elementor-inner-section elementor-element elementor-element-33643706 elementor-section-full_width elementor-section-height-default elementor-section-height-default\" data-id=\"33643706\" data-element_type=\"section\" data-e-type=\"section\">\n\t\t\t\t\t\t<div class=\"elementor-container elementor-column-gap-default\">\n\t\t\t\t\t<div class=\"elementor-column elementor-col-66 elementor-inner-column elementor-element elementor-element-71bf5d54\" data-id=\"71bf5d54\" data-element_type=\"column\" data-e-type=\"column\">\n\t\t\t<div class=\"elementor-widget-wrap elementor-element-populated\">\n\t\t\t\t\t\t<div class=\"elementor-element elementor-element-7d06c652 news-date elementor-widget elementor-widget-post-info\" data-id=\"7d06c652\" data-element_type=\"widget\" data-e-type=\"widget\" data-widget_type=\"post-info.default\">\n\t\t\t\t<div class=\"elementor-widget-container\">\n\t\t\t\t\t\t\t<ul class=\"elementor-inline-items elementor-icon-list-items elementor-post-info\">\n\t\t\t\t\t\t\t\t<li class=\"elementor-icon-list-item elementor-repeater-item-f8605ff elementor-inline-item\" itemprop=\"datePublished\">\n\t\t\t\t\t\t\t\t\t\t\t\t\t<span class=\"elementor-icon-list-text elementor-post-info__item elementor-post-info__item--type-date\">\n\t\t\t\t\t\t\t\t\t\t<time>29 m\u00e1ja, 2024<\/time>\t\t\t\t\t<\/span>\n\t\t\t\t\t\t\t\t<\/li>\n\t\t\t\t<\/ul>\n\t\t\t\t\t\t<\/div>\n\t\t\t\t<\/div>\n\t\t\t\t<div class=\"elementor-element elementor-element-d0d3d8b elementor-widget elementor-widget-theme-post-title elementor-page-title elementor-widget-heading\" data-id=\"d0d3d8b\" data-element_type=\"widget\" data-e-type=\"widget\" data-widget_type=\"theme-post-title.default\">\n\t\t\t\t<div class=\"elementor-widget-container\">\n\t\t\t\t\t<h1 class=\"elementor-heading-title elementor-size-default\">Andreas Nix je nov\u00fdm prev\u00e1dzkov\u00fdm riadite\u013eom skupiny ZKW<\/h1>\t\t\t\t<\/div>\n\t\t\t\t<\/div>\n\t\t\t\t<div class=\"elementor-element elementor-element-3ec66f49 news-intro elementor-widget elementor-widget-text-editor\" data-id=\"3ec66f49\" data-element_type=\"widget\" data-e-type=\"widget\" data-widget_type=\"text-editor.default\">\n\t\t\t\t<div class=\"elementor-widget-container\">\n\t\t\t\t\t\t\t\t\t<p>Andreas Nix (59) preber\u00e1 1. j\u00fana funkciu prev\u00e1dzkov\u00e9ho riadite\u013ea spolo\u010dnosti ZKW Group GmbH. Nix nahradil Stefana Horniviusa, ktor\u00fd zo spolo\u010dnosti odch\u00e1dza na vlastn\u00fa \u017eiados\u0165 a z osobn\u00fdch d\u00f4vodov. Andreas Nix zostane aj gener\u00e1lnym riadite\u013eom z\u00e1vodu spolo\u010dnosti ZKW Lichtsysteme GmbH a\u017e do obsadenia tejto poz\u00edcie. Nix u\u017e viackr\u00e1t preuk\u00e1zal svoje vysok\u00e9 odborn\u00e9 znalosti a vynikaj\u00face mana\u017e\u00e9rske schopnosti v r\u00e1mci skupiny ZKW. Naposledy ako gener\u00e1lny riadite\u013e z\u00e1vodu \u00faspe\u0161ne riadil z\u00e1vody ZKW vo Wieselburgu a Daliane v \u010c\u00edne. &#8222;Te\u0161\u00edm sa na t\u00fato nov\u00fa v\u00fdzvu a urob\u00edm v\u0161etko pre to, aby som prispel ku glob\u00e1lnemu \u00faspechu skupiny ZKW. Moj\u00edm cie\u013eom je zabezpe\u010di\u0165 a posun\u00fa\u0165 vpred hospod\u00e1rsky rozvoj miest,&#8220; hovor\u00ed Andreas Nix.<\/p>\n\t\t\t\t\t\t\t\t<\/div>\n\t\t\t\t<\/div>\n\t\t\t\t<div class=\"elementor-element elementor-element-2a9bd7d0 elementor-widget elementor-widget-text-editor\" data-id=\"2a9bd7d0\" data-element_type=\"widget\" data-e-type=\"widget\" data-widget_type=\"text-editor.default\">\n\t\t\t\t<div class=\"elementor-widget-container\">\n\t\t\t\t\t\t\t\t\t<p>Nix m\u00e1 viac ako 30 rokov sk\u00fasenost\u00ed v automobilovom priemysle a pracoval aj v oblasti predaja, v\u00fdroby, kvality a v\u00fdvoja.  <br \/>Pred svojou kari\u00e9rou v spolo\u010dnosti ZKW zast\u00e1val tento sk\u00fasen\u00fd mana\u017e\u00e9r poz\u00edciu mana\u017e\u00e9ra pre rozvoj podnikania v spolo\u010dnosti Stabilus GmbH.  <br \/>Andreas Nix \u0161tudoval elektroniku na Univerzite aplikovan\u00fdch vied vo Frankfurte. Pracoval ako ved\u00faci in\u017einierstva a projektov\u00e9ho pl\u00e1novania v spolo\u010dnosti Honeywell GmbH a ako ved\u00faci v\u00fdvoja a oddelenia predaja v spolo\u010dnosti WOCO Group VGM. Tento sk\u00fasen\u00fd mana\u017e\u00e9r potom pracoval ako technick\u00fd riadite\u013e v spolo\u010dnosti ZF Zhongding NVH, ktor\u00e1 je dod\u00e1vate\u013eom automobilov. Potom pracoval ako z\u00e1stupca gener\u00e1lneho riadite\u013ea pre syst\u00e9my nab\u00edjania bat\u00e9ri\u00ed v spolo\u010dnosti Norfi \/Sickert &amp; Hafner.<\/p>\n<p>Stefan Hornivius sa rozhodol prija\u0165 nov\u00e9 profesion\u00e1lne v\u00fdzvy a koncom m\u00e1ja 2024 odst\u00fapi z funkcie prev\u00e1dzkov\u00e9ho riadite\u013ea. &#8222;Chceli by sme \u00faprimne po\u010fakova\u0165 Stefanovi Horniviusovi za jeho anga\u017eovanos\u0165 pri glob\u00e1lnej reorganiz\u00e1cii skupiny ZKW. Prajeme mu v\u0161etko najlep\u0161ie v jeho profesion\u00e1lnej bud\u00facnosti,&#8220; hovor\u00ed Dr. Wilhelm Steger, gener\u00e1lny riadite\u013e skupiny ZKW. &#8222;Sme radi, \u017ee sme na poz\u00edciu prev\u00e1dzkov\u00e9ho riadite\u013ea z\u00edskali Andreasa Nixa, odborn\u00edka na ZKW a automobilov\u00fd priemysel. Te\u0161\u00edm sa, \u017ee spolu s Andreasom Nixom, cel\u00fdm mana\u017ementom a na\u0161\u00edm oddan\u00fdm t\u00edmom budeme pokra\u010dova\u0165 v \u00faspe\u0161nej hist\u00f3rii spolo\u010dnosti ZKW,&#8220; hovor\u00ed Dr. Steger a s d\u00f4verou h\u013ead\u00ed do bud\u00facnosti.  <\/p>\n\t\t\t\t\t\t\t\t<\/div>\n\t\t\t\t<\/div>\n\t\t\t\t<div class=\"elementor-element elementor-element-76f1af8 elementor-widget elementor-widget-image\" data-id=\"76f1af8\" data-element_type=\"widget\" data-e-type=\"widget\" data-widget_type=\"image.default\">\n\t\t\t\t<div class=\"elementor-widget-container\">\n\t\t\t\t\t\t\t\t\t\t\t\t<figure class=\"wp-caption\">\n\t\t\t\t\t\t\t\t\t\t<img decoding=\"async\" width=\"800\" height=\"534\" src=\"https:\/\/zkw-group.com\/wp-content\/uploads\/2024\/05\/nix-andreas-1024x683.jpg\" class=\"attachment-large size-large wp-image-52464\" alt=\"Andreas Nix, COO ZKW Group\" srcset=\"https:\/\/zkwgroup.wpenginepowered.com\/wp-content\/uploads\/2024\/05\/nix-andreas-1024x683.jpg 1024w, https:\/\/zkwgroup.wpenginepowered.com\/wp-content\/uploads\/2024\/05\/nix-andreas-300x200.jpg 300w, https:\/\/zkwgroup.wpenginepowered.com\/wp-content\/uploads\/2024\/05\/nix-andreas-768x512.jpg 768w, https:\/\/zkwgroup.wpenginepowered.com\/wp-content\/uploads\/2024\/05\/nix-andreas-1536x1024.jpg 1536w, https:\/\/zkwgroup.wpenginepowered.com\/wp-content\/uploads\/2024\/05\/nix-andreas.jpg 1600w\" sizes=\"(max-width: 800px) 100vw, 800px\" \/>\t\t\t\t\t\t\t\t\t\t\t<figcaption class=\"widget-image-caption wp-caption-text\">Andreas Nix, COO ZKW Group<\/figcaption>\n\t\t\t\t\t\t\t\t\t\t<\/figure>\n\t\t\t\t\t\t\t\t\t<\/div>\n\t\t\t\t<\/div>\n\t\t\t\t<div class=\"elementor-element elementor-element-8846526 elementor-widget elementor-widget-text-editor\" data-id=\"8846526\" data-element_type=\"widget\" data-e-type=\"widget\" data-widget_type=\"text-editor.default\">\n\t\t\t\t<div class=\"elementor-widget-container\">\n\t\t\t\t\t\t\t\t\t<div id=\"idTextPanel\" class=\"jqDnR\">\n<p><strong>ZKW v obraze<\/strong><br \/>Skupina ZKW je \u0161pecialista na inovat\u00edvne pr\u00e9miov\u00e9 sveteln\u00e9 syst\u00e9my a elektroniku. Od roku 2018 je spolo\u010dnos\u0165 ZKW s\u00fa\u010das\u0165ou skupiny LG ako dc\u00e9rska spolo\u010dnos\u0165 LG Electronics Vehicle Solutions.<br \/>Ako dod\u00e1vate\u013e syst\u00e9mov je skupina ZKW glob\u00e1lne zast\u00fapen\u00fd partner automobilov\u00e9ho priemyslu. Skupina vyv\u00edja a vyr\u00e1ba za pomoci bystr\u00fdch hl\u00e1v a najmodernej\u0161\u00edch v\u00fdrobn\u00fdch technol\u00f3gi\u00ed komplexn\u00e9 pr\u00e9miov\u00e9 osvetlenie a elektronick\u00e9 moduly pre medzin\u00e1rodn\u00fdch v\u00fdrobcov automobilov v s\u00falade s heslom \u201eBright Minds. Bright Lights\u201c.<br \/>K hlavn\u00fdm v\u00fdrobkom patria v\u00fdkonn\u00e9 a n\u00e1kladovo efekt\u00edvne kompletn\u00e9 LED syst\u00e9my. Skupina ZKW m\u00e1 na celom svete spolu dvan\u00e1s\u0165 z\u00e1vodov, ktor\u00e9 s\u00fa inteligentne prepojen\u00e9 v oblastiach v\u00fdvoja a v\u00fdroby. Ku koncu roka 2023 zamestn\u00e1val koncern okolo 10 000 zamestnancov a dosiahol celkov\u00fd obrat vy\u0161e 1,54 miliardy eur.<\/p>\n<p>V s\u00falade s v\u00edziou spolo\u010dnosti \u201ePriekopn\u00edcke pr\u00e9miov\u00e9 osvet\u013eovacie a elektronick\u00e9 syst\u00e9my zna\u010dky ZKW pre v\u0161etky koncepty mobility v r\u00e1mci glob\u00e1lneho automobilov\u00e9ho priemyslu\u201c je hlavn\u00fdm cie\u013eom spolo\u010dnosti vyr\u00e1ba\u0165 tie najmodernej\u0161ie produkty najvy\u0161\u0161ej kvality a napredova\u0165 vo v\u00fdvoji inovat\u00edvnych sveteln\u00fdch syst\u00e9mov.<\/p>\n<p>V\u010faka vyn\u00e1lezom a inov\u00e1ci\u00e1m prin\u00e1\u0161a spolo\u010dnos\u0165 ZKW \u017eiadanej\u0161ie, individu\u00e1lnej\u0161ie, bezpe\u010dnej\u0161ie a energeticky efekt\u00edvnej\u0161ie vozidl\u00e1. Na\u0161e komplexn\u00e9 portf\u00f3lio zah\u0155\u0148a hlavn\u00e9 svetlomety a hmlov\u00e9 svetl\u00e1, zadn\u00e9 svetl\u00e1, smerovky, vn\u00fatorn\u00e9 osvetlenie a osvetlenie \u0160PZ, ako aj elektronick\u00e9 moduly. Inovat\u00edvnym v\u00fdrobkom od ZKW d\u00f4veruj\u00fa pri svojich zna\u010dk\u00e1ch renomovan\u00ed v\u00fdrobcovia automobilov ako BMW (BMW, Rolls Royce), DAIMLER (automobily a n\u00e1kladn\u00e9 vozidl\u00e1 MERCEDES-BENZ), FORD (Lincoln, Ford), GEELY (Volvo, Polestar, Lynk &amp; Co, Geely), GENERAL MOTORS (Buick, Chevrolet, Cadillac), Hyundai\/KIA, JLR (Jaguar, Landrover), Stellantis (Opel, Citroen), RENAULT\/NISSAN (Infiniti, Alpine), VGTT (Volvo Trucks, MACK) a VW (Porsche, Audi, Lamborghini, Bentley, Skoda, Seat\/Cupra, VW, VW Commercial Vehicles, MAN, Scania). V\u010faka inteligentn\u00fdm syst\u00e9mom osvetlenia a inovat\u00edvnemu dizajnu charakterizuje spolo\u010dnos\u0165 ZKW vzh\u013ead a charakter vozidiel na celom svete.<\/p>\n<\/div>\n\t\t\t\t\t\t\t\t<\/div>\n\t\t\t\t<\/div>\n\t\t\t\t<div class=\"elementor-element elementor-element-69e90ac3 elementor-widget elementor-widget-text-editor\" data-id=\"69e90ac3\" data-element_type=\"widget\" data-e-type=\"widget\" data-widget_type=\"text-editor.default\">\n\t\t\t\t<div class=\"elementor-widget-container\">\n\t\t\t\t\t\t\t\t\t<p><div class=\"ShariffSC shariff-zkw\"><div class=\"shariff shariff-align-left shariff-widget-align-left\" style=\"display:none\"><ul class=\"shariff-buttons theme-round orientation-vertical buttonsize-medium\"><li class=\"shariff-button facebook shariff-nocustomcolor\" style=\"background-color:#4273c8\"><a href=\"https:\/\/www.facebook.com\/sharer\/sharer.php?u=https%3A%2F%2Fzkw-group.com%2Fsk%2Fhome%2Fnewsroom%2Fnews%2Fandreas-nix-je-novym-prevadzkovym-riaditelom-skupiny-zkw%2F\" title=\"Zdie\u013ea\u0165 na Facebooku\" aria-label=\"Zdie\u013ea\u0165 na Facebooku\" role=\"button\" rel=\"nofollow\" class=\"shariff-link\" style=\"; background-color:#3b5998; color:#fff\" target=\"_blank\"><span class=\"shariff-icon\" style=\"\"><svg width=\"32px\" height=\"20px\" xmlns=\"http:\/\/www.w3.org\/2000\/svg\" viewBox=\"0 0 18 32\"><path fill=\"#3b5998\" d=\"M17.1 0.2v4.7h-2.8q-1.5 0-2.1 0.6t-0.5 1.9v3.4h5.2l-0.7 5.3h-4.5v13.6h-5.5v-13.6h-4.5v-5.3h4.5v-3.9q0-3.3 1.9-5.2t5-1.8q2.6 0 4.1 0.2z\"\/><\/svg><\/span><\/a><\/li><li class=\"shariff-button twitter shariff-nocustomcolor\" style=\"background-color:#595959\"><a href=\"https:\/\/twitter.com\/share?url=https%3A%2F%2Fzkw-group.com%2Fsk%2Fhome%2Fnewsroom%2Fnews%2Fandreas-nix-je-novym-prevadzkovym-riaditelom-skupiny-zkw%2F&#038;text=Andreas%20Nix%20je%20nov%C3%BDm%20prev%C3%A1dzkov%C3%BDm%20riadite%C4%BEom%20skupiny%20ZKW\" title=\"Zdie\u013ea\u0165 na X\" aria-label=\"Zdie\u013ea\u0165 na X\" role=\"button\" rel=\"noopener nofollow\" class=\"shariff-link\" style=\"; background-color:#000; color:#fff\" target=\"_blank\"><span class=\"shariff-icon\" style=\"\"><svg width=\"32px\" height=\"20px\" xmlns=\"http:\/\/www.w3.org\/2000\/svg\" viewBox=\"0 0 24 24\"><path fill=\"#000\" d=\"M14.258 10.152L23.176 0h-2.113l-7.747 8.813L7.133 0H0l9.352 13.328L0 23.973h2.113l8.176-9.309 6.531 9.309h7.133zm-2.895 3.293l-.949-1.328L2.875 1.56h3.246l6.086 8.523.945 1.328 7.91 11.078h-3.246zm0 0\"\/><\/svg><\/span><\/a><\/li><li class=\"shariff-button linkedin shariff-nocustomcolor\" style=\"background-color:#1488bf\"><a href=\"https:\/\/www.linkedin.com\/sharing\/share-offsite\/?url=https%3A%2F%2Fzkw-group.com%2Fsk%2Fhome%2Fnewsroom%2Fnews%2Fandreas-nix-je-novym-prevadzkovym-riaditelom-skupiny-zkw%2F\" title=\"Zdie\u013ea\u0165 na LinkedIn\" aria-label=\"Zdie\u013ea\u0165 na LinkedIn\" role=\"button\" rel=\"noopener nofollow\" class=\"shariff-link\" style=\"; background-color:#0077b5; color:#fff\" target=\"_blank\"><span class=\"shariff-icon\" style=\"\"><svg width=\"32px\" height=\"20px\" xmlns=\"http:\/\/www.w3.org\/2000\/svg\" viewBox=\"0 0 27 32\"><path fill=\"#0077b5\" d=\"M6.2 11.2v17.7h-5.9v-17.7h5.9zM6.6 5.7q0 1.3-0.9 2.2t-2.4 0.9h0q-1.5 0-2.4-0.9t-0.9-2.2 0.9-2.2 2.4-0.9 2.4 0.9 0.9 2.2zM27.4 18.7v10.1h-5.9v-9.5q0-1.9-0.7-2.9t-2.3-1.1q-1.1 0-1.9 0.6t-1.2 1.5q-0.2 0.5-0.2 1.4v9.9h-5.9q0-7.1 0-11.6t0-5.3l0-0.9h5.9v2.6h0q0.4-0.6 0.7-1t1-0.9 1.6-0.8 2-0.3q3 0 4.9 2t1.9 6z\"\/><\/svg><\/span><\/a><\/li><li class=\"shariff-button xing shariff-nocustomcolor\" style=\"background-color:#29888a\"><a href=\"https:\/\/www.xing.com\/spi\/shares\/new?url=https%3A%2F%2Fzkw-group.com%2Fsk%2Fhome%2Fnewsroom%2Fnews%2Fandreas-nix-je-novym-prevadzkovym-riaditelom-skupiny-zkw%2F\" title=\"Zdie\u013ea\u0165 na XING\" aria-label=\"Zdie\u013ea\u0165 na XING\" role=\"button\" rel=\"noopener nofollow\" class=\"shariff-link\" style=\"; background-color:#126567; color:#fff\" target=\"_blank\"><span class=\"shariff-icon\" style=\"\"><svg width=\"32px\" height=\"20px\" xmlns=\"http:\/\/www.w3.org\/2000\/svg\" viewBox=\"0 0 25 32\"><path fill=\"#126567\" d=\"M10.7 11.9q-0.2 0.3-4.6 8.2-0.5 0.8-1.2 0.8h-4.3q-0.4 0-0.5-0.3t0-0.6l4.5-8q0 0 0 0l-2.9-5q-0.2-0.4 0-0.7 0.2-0.3 0.5-0.3h4.3q0.7 0 1.2 0.8zM25.1 0.4q0.2 0.3 0 0.7l-9.4 16.7 6 11q0.2 0.4 0 0.6-0.2 0.3-0.6 0.3h-4.3q-0.7 0-1.2-0.8l-6-11.1q0.3-0.6 9.5-16.8 0.4-0.8 1.2-0.8h4.3q0.4 0 0.5 0.3z\"\/><\/svg><\/span><\/a><\/li><li class=\"shariff-button whatsapp shariff-nocustomcolor\" style=\"background-color:#5cbe4a\"><a href=\"https:\/\/api.whatsapp.com\/send?text=https%3A%2F%2Fzkw-group.com%2Fsk%2Fhome%2Fnewsroom%2Fnews%2Fandreas-nix-je-novym-prevadzkovym-riaditelom-skupiny-zkw%2F%20Andreas%20Nix%20je%20nov%C3%BDm%20prev%C3%A1dzkov%C3%BDm%20riadite%C4%BEom%20skupiny%20ZKW\" title=\"Zdie\u013ea\u0165 na Whatsapp\" aria-label=\"Zdie\u013ea\u0165 na Whatsapp\" role=\"button\" rel=\"noopener nofollow\" class=\"shariff-link\" style=\"; background-color:#34af23; color:#fff\" target=\"_blank\"><span class=\"shariff-icon\" style=\"\"><svg width=\"32px\" height=\"20px\" xmlns=\"http:\/\/www.w3.org\/2000\/svg\" viewBox=\"0 0 32 32\"><path fill=\"#34af23\" d=\"M17.6 17.4q0.2 0 1.7 0.8t1.6 0.9q0 0.1 0 0.3 0 0.6-0.3 1.4-0.3 0.7-1.3 1.2t-1.8 0.5q-1 0-3.4-1.1-1.7-0.8-3-2.1t-2.6-3.3q-1.3-1.9-1.3-3.5v-0.1q0.1-1.6 1.3-2.8 0.4-0.4 0.9-0.4 0.1 0 0.3 0t0.3 0q0.3 0 0.5 0.1t0.3 0.5q0.1 0.4 0.6 1.6t0.4 1.3q0 0.4-0.6 1t-0.6 0.8q0 0.1 0.1 0.3 0.6 1.3 1.8 2.4 1 0.9 2.7 1.8 0.2 0.1 0.4 0.1 0.3 0 1-0.9t0.9-0.9zM14 26.9q2.3 0 4.3-0.9t3.6-2.4 2.4-3.6 0.9-4.3-0.9-4.3-2.4-3.6-3.6-2.4-4.3-0.9-4.3 0.9-3.6 2.4-2.4 3.6-0.9 4.3q0 3.6 2.1 6.6l-1.4 4.2 4.3-1.4q2.8 1.9 6.2 1.9zM14 2.2q2.7 0 5.2 1.1t4.3 2.9 2.9 4.3 1.1 5.2-1.1 5.2-2.9 4.3-4.3 2.9-5.2 1.1q-3.5 0-6.5-1.7l-7.4 2.4 2.4-7.2q-1.9-3.2-1.9-6.9 0-2.7 1.1-5.2t2.9-4.3 4.3-2.9 5.2-1.1z\"\/><\/svg><\/span><\/a><\/li><li class=\"shariff-button mailto shariff-nocustomcolor\" style=\"background-color:#a8a8a8\"><a href=\"mailto:?body=https%3A%2F%2Fzkw-group.com%2Fsk%2Fhome%2Fnewsroom%2Fnews%2Fandreas-nix-je-novym-prevadzkovym-riaditelom-skupiny-zkw%2F&#038;subject=Andreas%20Nix%20je%20nov%C3%BDm%20prev%C3%A1dzkov%C3%BDm%20riadite%C4%BEom%20skupiny%20ZKW\" title=\"Posla\u0165 e-mailom\" aria-label=\"Posla\u0165 e-mailom\" role=\"button\" rel=\"noopener nofollow\" class=\"shariff-link\" style=\"; background-color:#999; color:#fff\"><span class=\"shariff-icon\" style=\"\"><svg width=\"32px\" height=\"20px\" xmlns=\"http:\/\/www.w3.org\/2000\/svg\" viewBox=\"0 0 32 32\"><path fill=\"#999\" d=\"M32 12.7v14.2q0 1.2-0.8 2t-2 0.9h-26.3q-1.2 0-2-0.9t-0.8-2v-14.2q0.8 0.9 1.8 1.6 6.5 4.4 8.9 6.1 1 0.8 1.6 1.2t1.7 0.9 2 0.4h0.1q0.9 0 2-0.4t1.7-0.9 1.6-1.2q3-2.2 8.9-6.1 1-0.7 1.8-1.6zM32 7.4q0 1.4-0.9 2.7t-2.2 2.2q-6.7 4.7-8.4 5.8-0.2 0.1-0.7 0.5t-1 0.7-0.9 0.6-1.1 0.5-0.9 0.2h-0.1q-0.4 0-0.9-0.2t-1.1-0.5-0.9-0.6-1-0.7-0.7-0.5q-1.6-1.1-4.7-3.2t-3.6-2.6q-1.1-0.7-2.1-2t-1-2.5q0-1.4 0.7-2.3t2.1-0.9h26.3q1.2 0 2 0.8t0.9 2z\"\/><\/svg><\/span><\/a><\/li><\/ul><\/div><\/div><\/p>\n\t\t\t\t\t\t\t\t<\/div>\n\t\t\t\t<\/div>\n\t\t\t\t\t<\/div>\n\t\t<\/div>\n\t\t\t\t<div class=\"elementor-column elementor-col-33 elementor-inner-column elementor-element elementor-element-5a312fee\" data-id=\"5a312fee\" data-element_type=\"column\" data-e-type=\"column\">\n\t\t\t<div class=\"elementor-widget-wrap elementor-element-populated\">\n\t\t\t\t\t\t<div class=\"elementor-element elementor-element-76588f53 elementor-widget elementor-widget-toolset-view\" data-id=\"76588f53\" data-element_type=\"widget\" data-e-type=\"widget\" data-widget_type=\"toolset-view.default\">\n\t\t\t\t<div class=\"elementor-widget-container\">\n\t\t\t\t\t\n\n\n\n\t\n\t\n\t\n\t\t<h4 class=\"contact-headline\">Kontakt pre tla\u010d<\/h4>\n<div class=\"contact-details\">\n  <div class=\"contact-image\">\n  \t<img fetchpriority=\"high\" fetchpriority=\"high\" fetchpriority=\"high\" decoding=\"async\" width=\"240\" height=\"300\" src=\"https:\/\/zkw-group.com\/wp-content\/uploads\/2025\/06\/vanessa-sonnleitner-240x300-1.jpg\" class=\"attachment-medium size-medium wp-post-image\" alt=\"vanessa sonnleitner\" srcset=\"https:\/\/zkwgroup.wpenginepowered.com\/wp-content\/uploads\/2025\/06\/vanessa-sonnleitner-240x300-1.jpg 240w, https:\/\/zkwgroup.wpenginepowered.com\/wp-content\/uploads\/2025\/06\/vanessa-sonnleitner-240x300-1-120x150.jpg 120w\" sizes=\"(max-width: 240px) 100vw, 240px\" \/>\n  <\/div>\n  <div class=\"contact-address\">\n\t<h3>Vanessa Stark<\/h3>\n\t\n\n\n\n\t\n\t\n\t\n\t\t<h5>Headquarters<\/h5>\n<p>ZKW Group GmbH<br\/>Rottenhauser Stra\u00dfe 8<br\/>\nA-3250 Wieselburg<br\/>\n<a href=\"mailto:press@zkw-group.com\">press@zkw-group.com<\/a><br\/>\n\n<a href=\"tel:+43 7416 505 0\">+43 7416 505 0<\/a><\/p>\n\t\n\t\n\t\n\t\n\n  <\/div>\n<\/div>\n\t\n\t\n\t\n\t\n\t\t\t\t<\/div>\n\t\t\t\t<\/div>\n\t\t\t\t<div class=\"elementor-element elementor-element-366331a8 elementor-widget elementor-widget-text-editor\" data-id=\"366331a8\" data-element_type=\"widget\" data-e-type=\"widget\" data-widget_type=\"text-editor.default\">\n\t\t\t\t<div class=\"elementor-widget-container\">\n\t\t\t\t\t\t\t\t\t<p><a href=\"https:\/\/zkw-group.com\/wp-content\/uploads\/2024\/05\/PR-Andreas-Nix.zip\">Stla\u010dte Stiahnu\u0165<\/a> 4,12 MB<\/p>\n\t\t\t\t\t\t\t\t<\/div>\n\t\t\t\t<\/div>\n\t\t\t\t\t<\/div>\n\t\t<\/div>\n\t\t\t\t\t<\/div>\n\t\t<\/section>\n\t\t\t\t\t<\/div>\n\t\t<\/div>\n\t\t\t\t<div class=\"elementor-column elementor-col-16 elementor-top-column elementor-element elementor-element-69a3fa69\" data-id=\"69a3fa69\" data-element_type=\"column\" data-e-type=\"column\">\n\t\t\t<div class=\"elementor-widget-wrap\">\n\t\t\t\t\t\t\t<\/div>\n\t\t<\/div>\n\t\t\t\t\t<\/div>\n\t\t<\/section>\n\t\t\t\t<\/div>\n\t\t","protected":false},"excerpt":{"rendered":"<p>Andreas Nix (59) preber\u00e1 1. j\u00fana funkciu prev\u00e1dzkov\u00e9ho riadite\u013ea spolo\u010dnosti ZKW Group GmbH.<\/p>\n","protected":false},"featured_media":52457,"template":"","class_list":["post-52474","news","type-news","status-publish","has-post-thumbnail","hentry"],"yoast_head":"<!-- This site is optimized with the Yoast SEO plugin v27.5 - https:\/\/yoast.com\/product\/yoast-seo-wordpress\/ -->\n<title>Andreas Nix je nov\u00fdm prev\u00e1dzkov\u00fdm riadite\u013eom skupiny ZKW - ZKW Group \u2013 BRIGHT MINDS, BRIGHT LIGHTS.<\/title>\n<meta name=\"robots\" content=\"index, follow, max-snippet:-1, max-image-preview:large, max-video-preview:-1\" \/>\n<link rel=\"canonical\" href=\"https:\/\/zkw-group.com\/sk\/home\/newsroom\/news\/andreas-nix-je-novym-prevadzkovym-riaditelom-skupiny-zkw\/\" \/>\n<meta property=\"og:locale\" content=\"sk_SK\" \/>\n<meta property=\"og:type\" content=\"article\" \/>\n<meta property=\"og:title\" content=\"Andreas Nix je nov\u00fdm prev\u00e1dzkov\u00fdm riadite\u013eom skupiny ZKW - ZKW Group \u2013 BRIGHT MINDS, BRIGHT LIGHTS.\" \/>\n<meta property=\"og:description\" content=\"Andreas Nix (59) preber\u00e1 1. j\u00fana funkciu prev\u00e1dzkov\u00e9ho riadite\u013ea spolo\u010dnosti ZKW Group GmbH.\" \/>\n<meta property=\"og:url\" content=\"https:\/\/zkw-group.com\/sk\/home\/newsroom\/news\/andreas-nix-je-novym-prevadzkovym-riaditelom-skupiny-zkw\/\" \/>\n<meta property=\"og:site_name\" content=\"ZKW Group \u2013 BRIGHT MINDS, BRIGHT LIGHTS.\" \/>\n<meta property=\"article:publisher\" content=\"https:\/\/www.facebook.com\/zkwgroup\/\" \/>\n<meta property=\"article:modified_time\" content=\"2024-06-03T14:29:35+00:00\" \/>\n<meta property=\"og:image\" content=\"https:\/\/zkw-group.com\/wp-content\/uploads\/2024\/05\/andreas-nix-pm-05-2024.jpg\" \/>\n\t<meta property=\"og:image:width\" content=\"500\" \/>\n\t<meta property=\"og:image:height\" content=\"500\" \/>\n\t<meta property=\"og:image:type\" content=\"image\/jpeg\" \/>\n<meta name=\"twitter:card\" content=\"summary_large_image\" \/>\n<meta name=\"twitter:site\" content=\"@zkw\" \/>\n<meta name=\"twitter:label1\" content=\"Predpokladan\u00fd \u010das \u010d\u00edtania\" \/>\n\t<meta name=\"twitter:data1\" content=\"3 min\u00faty\" \/>\n<script type=\"application\/ld+json\" class=\"yoast-schema-graph\">{\"@context\":\"https:\\\/\\\/schema.org\",\"@graph\":[{\"@type\":\"WebPage\",\"@id\":\"https:\\\/\\\/zkw-group.com\\\/sk\\\/home\\\/newsroom\\\/news\\\/andreas-nix-je-novym-prevadzkovym-riaditelom-skupiny-zkw\\\/\",\"url\":\"https:\\\/\\\/zkw-group.com\\\/sk\\\/home\\\/newsroom\\\/news\\\/andreas-nix-je-novym-prevadzkovym-riaditelom-skupiny-zkw\\\/\",\"name\":\"Andreas Nix je nov\u00fdm prev\u00e1dzkov\u00fdm riadite\u013eom skupiny ZKW - ZKW Group \u2013 BRIGHT MINDS, BRIGHT LIGHTS.\",\"isPartOf\":{\"@id\":\"https:\\\/\\\/zkw-group.com\\\/sk\\\/#website\"},\"primaryImageOfPage\":{\"@id\":\"https:\\\/\\\/zkw-group.com\\\/sk\\\/home\\\/newsroom\\\/news\\\/andreas-nix-je-novym-prevadzkovym-riaditelom-skupiny-zkw\\\/#primaryimage\"},\"image\":{\"@id\":\"https:\\\/\\\/zkw-group.com\\\/sk\\\/home\\\/newsroom\\\/news\\\/andreas-nix-je-novym-prevadzkovym-riaditelom-skupiny-zkw\\\/#primaryimage\"},\"thumbnailUrl\":\"https:\\\/\\\/zkw-group.com\\\/wp-content\\\/uploads\\\/2024\\\/05\\\/andreas-nix-pm-05-2024.jpg\",\"datePublished\":\"2024-05-29T06:20:01+00:00\",\"dateModified\":\"2024-06-03T14:29:35+00:00\",\"breadcrumb\":{\"@id\":\"https:\\\/\\\/zkw-group.com\\\/sk\\\/home\\\/newsroom\\\/news\\\/andreas-nix-je-novym-prevadzkovym-riaditelom-skupiny-zkw\\\/#breadcrumb\"},\"inLanguage\":\"sk-SK\",\"potentialAction\":[{\"@type\":\"ReadAction\",\"target\":[\"https:\\\/\\\/zkw-group.com\\\/sk\\\/home\\\/newsroom\\\/news\\\/andreas-nix-je-novym-prevadzkovym-riaditelom-skupiny-zkw\\\/\"]}]},{\"@type\":\"ImageObject\",\"inLanguage\":\"sk-SK\",\"@id\":\"https:\\\/\\\/zkw-group.com\\\/sk\\\/home\\\/newsroom\\\/news\\\/andreas-nix-je-novym-prevadzkovym-riaditelom-skupiny-zkw\\\/#primaryimage\",\"url\":\"https:\\\/\\\/zkw-group.com\\\/wp-content\\\/uploads\\\/2024\\\/05\\\/andreas-nix-pm-05-2024.jpg\",\"contentUrl\":\"https:\\\/\\\/zkw-group.com\\\/wp-content\\\/uploads\\\/2024\\\/05\\\/andreas-nix-pm-05-2024.jpg\",\"width\":500,\"height\":500,\"caption\":\"Andreas Nix, COO ZKW Group\"},{\"@type\":\"BreadcrumbList\",\"@id\":\"https:\\\/\\\/zkw-group.com\\\/sk\\\/home\\\/newsroom\\\/news\\\/andreas-nix-je-novym-prevadzkovym-riaditelom-skupiny-zkw\\\/#breadcrumb\",\"itemListElement\":[{\"@type\":\"ListItem\",\"position\":1,\"name\":\"News\",\"item\":\"https:\\\/\\\/zkw-group.com\\\/sk\\\/home\\\/newsroom\\\/news\\\/\"},{\"@type\":\"ListItem\",\"position\":2,\"name\":\"Andreas Nix je nov\u00fdm prev\u00e1dzkov\u00fdm riadite\u013eom skupiny ZKW\"}]},{\"@type\":\"WebSite\",\"@id\":\"https:\\\/\\\/zkw-group.com\\\/sk\\\/#website\",\"url\":\"https:\\\/\\\/zkw-group.com\\\/sk\\\/\",\"name\":\"ZKW Group \u2013 BRIGHT MINDS, BRIGHT LIGHTS.\",\"description\":\"\",\"publisher\":{\"@id\":\"https:\\\/\\\/zkw-group.com\\\/sk\\\/#organization\"},\"potentialAction\":[{\"@type\":\"SearchAction\",\"target\":{\"@type\":\"EntryPoint\",\"urlTemplate\":\"https:\\\/\\\/zkw-group.com\\\/sk\\\/?s={search_term_string}\"},\"query-input\":{\"@type\":\"PropertyValueSpecification\",\"valueRequired\":true,\"valueName\":\"search_term_string\"}}],\"inLanguage\":\"sk-SK\"},{\"@type\":\"Organization\",\"@id\":\"https:\\\/\\\/zkw-group.com\\\/sk\\\/#organization\",\"name\":\"ZKW Group\",\"url\":\"https:\\\/\\\/zkw-group.com\\\/sk\\\/\",\"logo\":{\"@type\":\"ImageObject\",\"inLanguage\":\"sk-SK\",\"@id\":\"https:\\\/\\\/zkw-group.com\\\/sk\\\/#\\\/schema\\\/logo\\\/image\\\/\",\"url\":\"https:\\\/\\\/zkw-group.com\\\/wp-content\\\/uploads\\\/2019\\\/08\\\/logo.png\",\"contentUrl\":\"https:\\\/\\\/zkw-group.com\\\/wp-content\\\/uploads\\\/2019\\\/08\\\/logo.png\",\"width\":268,\"height\":130,\"caption\":\"ZKW Group\"},\"image\":{\"@id\":\"https:\\\/\\\/zkw-group.com\\\/sk\\\/#\\\/schema\\\/logo\\\/image\\\/\"},\"sameAs\":[\"https:\\\/\\\/www.facebook.com\\\/zkwgroup\\\/\",\"https:\\\/\\\/x.com\\\/zkw\",\"https:\\\/\\\/www.instagram.com\\\/zkwgroup\\\/\",\"https:\\\/\\\/www.linkedin.com\\\/company\\\/zkw-group\\\/\",\"https:\\\/\\\/www.youtube.com\\\/channel\\\/UCZ7uTlJOUXyDmCKOVT3ERdQ\",\"https:\\\/\\\/de.wikipedia.org\\\/wiki\\\/ZKW\"]}]}<\/script>\n<!-- \/ Yoast SEO plugin. -->","yoast_head_json":{"title":"Andreas Nix je nov\u00fdm prev\u00e1dzkov\u00fdm riadite\u013eom skupiny ZKW - ZKW Group \u2013 BRIGHT MINDS, BRIGHT LIGHTS.","robots":{"index":"index","follow":"follow","max-snippet":"max-snippet:-1","max-image-preview":"max-image-preview:large","max-video-preview":"max-video-preview:-1"},"canonical":"https:\/\/zkw-group.com\/sk\/home\/newsroom\/news\/andreas-nix-je-novym-prevadzkovym-riaditelom-skupiny-zkw\/","og_locale":"sk_SK","og_type":"article","og_title":"Andreas Nix je nov\u00fdm prev\u00e1dzkov\u00fdm riadite\u013eom skupiny ZKW - ZKW Group \u2013 BRIGHT MINDS, BRIGHT LIGHTS.","og_description":"Andreas Nix (59) preber\u00e1 1. j\u00fana funkciu prev\u00e1dzkov\u00e9ho riadite\u013ea spolo\u010dnosti ZKW Group GmbH.","og_url":"https:\/\/zkw-group.com\/sk\/home\/newsroom\/news\/andreas-nix-je-novym-prevadzkovym-riaditelom-skupiny-zkw\/","og_site_name":"ZKW Group \u2013 BRIGHT MINDS, BRIGHT LIGHTS.","article_publisher":"https:\/\/www.facebook.com\/zkwgroup\/","article_modified_time":"2024-06-03T14:29:35+00:00","og_image":[{"width":500,"height":500,"url":"https:\/\/zkw-group.com\/wp-content\/uploads\/2024\/05\/andreas-nix-pm-05-2024.jpg","type":"image\/jpeg"}],"twitter_card":"summary_large_image","twitter_site":"@zkw","twitter_misc":{"Predpokladan\u00fd \u010das \u010d\u00edtania":"3 min\u00faty"},"schema":{"@context":"https:\/\/schema.org","@graph":[{"@type":"WebPage","@id":"https:\/\/zkw-group.com\/sk\/home\/newsroom\/news\/andreas-nix-je-novym-prevadzkovym-riaditelom-skupiny-zkw\/","url":"https:\/\/zkw-group.com\/sk\/home\/newsroom\/news\/andreas-nix-je-novym-prevadzkovym-riaditelom-skupiny-zkw\/","name":"Andreas Nix je nov\u00fdm prev\u00e1dzkov\u00fdm riadite\u013eom skupiny ZKW - ZKW Group \u2013 BRIGHT MINDS, BRIGHT LIGHTS.","isPartOf":{"@id":"https:\/\/zkw-group.com\/sk\/#website"},"primaryImageOfPage":{"@id":"https:\/\/zkw-group.com\/sk\/home\/newsroom\/news\/andreas-nix-je-novym-prevadzkovym-riaditelom-skupiny-zkw\/#primaryimage"},"image":{"@id":"https:\/\/zkw-group.com\/sk\/home\/newsroom\/news\/andreas-nix-je-novym-prevadzkovym-riaditelom-skupiny-zkw\/#primaryimage"},"thumbnailUrl":"https:\/\/zkw-group.com\/wp-content\/uploads\/2024\/05\/andreas-nix-pm-05-2024.jpg","datePublished":"2024-05-29T06:20:01+00:00","dateModified":"2024-06-03T14:29:35+00:00","breadcrumb":{"@id":"https:\/\/zkw-group.com\/sk\/home\/newsroom\/news\/andreas-nix-je-novym-prevadzkovym-riaditelom-skupiny-zkw\/#breadcrumb"},"inLanguage":"sk-SK","potentialAction":[{"@type":"ReadAction","target":["https:\/\/zkw-group.com\/sk\/home\/newsroom\/news\/andreas-nix-je-novym-prevadzkovym-riaditelom-skupiny-zkw\/"]}]},{"@type":"ImageObject","inLanguage":"sk-SK","@id":"https:\/\/zkw-group.com\/sk\/home\/newsroom\/news\/andreas-nix-je-novym-prevadzkovym-riaditelom-skupiny-zkw\/#primaryimage","url":"https:\/\/zkw-group.com\/wp-content\/uploads\/2024\/05\/andreas-nix-pm-05-2024.jpg","contentUrl":"https:\/\/zkw-group.com\/wp-content\/uploads\/2024\/05\/andreas-nix-pm-05-2024.jpg","width":500,"height":500,"caption":"Andreas Nix, COO ZKW Group"},{"@type":"BreadcrumbList","@id":"https:\/\/zkw-group.com\/sk\/home\/newsroom\/news\/andreas-nix-je-novym-prevadzkovym-riaditelom-skupiny-zkw\/#breadcrumb","itemListElement":[{"@type":"ListItem","position":1,"name":"News","item":"https:\/\/zkw-group.com\/sk\/home\/newsroom\/news\/"},{"@type":"ListItem","position":2,"name":"Andreas Nix je nov\u00fdm prev\u00e1dzkov\u00fdm riadite\u013eom skupiny ZKW"}]},{"@type":"WebSite","@id":"https:\/\/zkw-group.com\/sk\/#website","url":"https:\/\/zkw-group.com\/sk\/","name":"ZKW Group \u2013 BRIGHT MINDS, BRIGHT LIGHTS.","description":"","publisher":{"@id":"https:\/\/zkw-group.com\/sk\/#organization"},"potentialAction":[{"@type":"SearchAction","target":{"@type":"EntryPoint","urlTemplate":"https:\/\/zkw-group.com\/sk\/?s={search_term_string}"},"query-input":{"@type":"PropertyValueSpecification","valueRequired":true,"valueName":"search_term_string"}}],"inLanguage":"sk-SK"},{"@type":"Organization","@id":"https:\/\/zkw-group.com\/sk\/#organization","name":"ZKW Group","url":"https:\/\/zkw-group.com\/sk\/","logo":{"@type":"ImageObject","inLanguage":"sk-SK","@id":"https:\/\/zkw-group.com\/sk\/#\/schema\/logo\/image\/","url":"https:\/\/zkw-group.com\/wp-content\/uploads\/2019\/08\/logo.png","contentUrl":"https:\/\/zkw-group.com\/wp-content\/uploads\/2019\/08\/logo.png","width":268,"height":130,"caption":"ZKW Group"},"image":{"@id":"https:\/\/zkw-group.com\/sk\/#\/schema\/logo\/image\/"},"sameAs":["https:\/\/www.facebook.com\/zkwgroup\/","https:\/\/x.com\/zkw","https:\/\/www.instagram.com\/zkwgroup\/","https:\/\/www.linkedin.com\/company\/zkw-group\/","https:\/\/www.youtube.com\/channel\/UCZ7uTlJOUXyDmCKOVT3ERdQ","https:\/\/de.wikipedia.org\/wiki\/ZKW"]}]}},"_links":{"self":[{"href":"https:\/\/zkw-group.com\/sk\/wp-json\/wp\/v2\/news\/52474","targetHints":{"allow":["GET"]}}],"collection":[{"href":"https:\/\/zkw-group.com\/sk\/wp-json\/wp\/v2\/news"}],"about":[{"href":"https:\/\/zkw-group.com\/sk\/wp-json\/wp\/v2\/types\/news"}],"version-history":[{"count":0,"href":"https:\/\/zkw-group.com\/sk\/wp-json\/wp\/v2\/news\/52474\/revisions"}],"wp:featuredmedia":[{"embeddable":true,"href":"https:\/\/zkw-group.com\/sk\/wp-json\/wp\/v2\/media\/52457"}],"wp:attachment":[{"href":"https:\/\/zkw-group.com\/sk\/wp-json\/wp\/v2\/media?parent=52474"}],"curies":[{"name":"wp","href":"https:\/\/api.w.org\/{rel}","templated":true}]}}